{"id":223830,"date":"2022-10-04T09:19:10","date_gmt":"2022-10-04T07:19:10","guid":{"rendered":"https:\/\/grundschule-homberg.de\/wp\/?p=223830"},"modified":"2022-10-04T09:19:10","modified_gmt":"2022-10-04T07:19:10","slug":"tintendrucker-patronen-gesucht","status":"publish","type":"post","link":"https:\/\/grundschule-homberg.de\/wp\/?p=223830","title":{"rendered":"Tintendrucker-Patronen gesucht!"},"content":{"rendered":"<p>Der F\u00f6rderverein der Grundschule startet eine neue Aktion!<br \/>\nAb Oktober werden in der Grundschule<strong>&nbsp;leere Drucker-Tintenpatronen<\/strong>&nbsp;gesammelt.<br \/>\nDie Tintenpatronen k\u00f6nnen wieder aufgef\u00fcllt werden und wir sparen so eine Menge M\u00fcll.<br \/>\n<strong>Au\u00dferdem erh\u00e4lt der F\u00f6rderverein f\u00fcr jede Tintenpatrone 1\u20ac.<\/strong><br \/>\nBitte gucken Sie zu Hause, fragen in Ihrem Freundes- und Familienkreis nach leeren Patronen und geben Sie diese in der Schule ab.<br \/>\nAchtung: nur Patronen mit Druckkopf k\u00f6nnen wieder bef\u00fcllt werden. Tintentanks m\u00fcssen im M\u00fcll entsorgt werden.&nbsp;<br \/>\nNun freuen wir uns, wenn m\u00f6glichst viele mitmachen und ihre leeren Patronen bei uns in der Verwaltung abgeben.<\/p>\n<p><a href=\"https:\/\/i0.wp.com\/grundschule-homberg.de\/wp\/wp-content\/uploads\/2022\/09\/IMG_20220930_114656-scaled.jpg?ssl=1\"><img data-recalc-dims=\"1\" loading=\"lazy\" decoding=\"async\" class=\" wp-image-223832 aligncenter\" src=\"https:\/\/i0.wp.com\/grundschule-homberg.de\/wp\/wp-content\/uploads\/2022\/09\/IMG_20220930_114656.jpg?resize=303%2C404&#038;ssl=1\" alt=\"\" width=\"303\" height=\"404\" srcset=\"https:\/\/i0.wp.com\/grundschule-homberg.de\/wp\/wp-content\/uploads\/2022\/09\/IMG_20220930_114656-scaled.jpg?resize=225%2C300&amp;ssl=1 225w, https:\/\/i0.wp.com\/grundschule-homberg.de\/wp\/wp-content\/uploads\/2022\/09\/IMG_20220930_114656-scaled.jpg?resize=768%2C1024&amp;ssl=1 768w, https:\/\/i0.wp.com\/grundschule-homberg.de\/wp\/wp-content\/uploads\/2022\/09\/IMG_20220930_114656-scaled.jpg?resize=113%2C150&amp;ssl=1 113w, https:\/\/i0.wp.com\/grundschule-homberg.de\/wp\/wp-content\/uploads\/2022\/09\/IMG_20220930_114656-scaled.jpg?resize=1152%2C1536&amp;ssl=1 1152w, https:\/\/i0.wp.com\/grundschule-homberg.de\/wp\/wp-content\/uploads\/2022\/09\/IMG_20220930_114656-scaled.jpg?resize=1536%2C2048&amp;ssl=1 1536w, https:\/\/i0.wp.com\/grundschule-homberg.de\/wp\/wp-content\/uploads\/2022\/09\/IMG_20220930_114656-scaled.jpg?w=1920&amp;ssl=1 1920w, https:\/\/i0.wp.com\/grundschule-homberg.de\/wp\/wp-content\/uploads\/2022\/09\/IMG_20220930_114656-scaled.jpg?w=1208&amp;ssl=1 1208w, https:\/\/i0.wp.com\/grundschule-homberg.de\/wp\/wp-content\/uploads\/2022\/09\/IMG_20220930_114656-scaled.jpg?w=1812&amp;ssl=1 1812w\" sizes=\"auto, (max-width: 303px) 100vw, 303px\" \/><\/a><\/p>\n","protected":false},"excerpt":{"rendered":"<p>Der F\u00f6rderverein der Grundschule startet eine neue Aktion! Ab Oktober werden in der Grundschule&nbsp;leere Drucker-Tintenpatronen&nbsp;gesammelt. Die Tintenpatronen k\u00f6nnen wieder aufgef\u00fcllt werden und wir sparen so eine Menge M\u00fcll. Au\u00dferdem erh\u00e4lt der F\u00f6rderverein f\u00fcr jede Tintenpatrone 1\u20ac. Bitte gucken Sie zu Hause, fragen in Ihrem Freundes- und Familienkreis nach leeren Patronen und geben Sie diese in &hellip; <a href=\"https:\/\/grundschule-homberg.de\/wp\/?p=223830\" class=\"more-link\"><span class=\"screen-reader-text\">Tintendrucker-Patronen gesucht!<\/span> weiterlesen <span class=\"meta-nav\">&rarr;<\/span><\/a><\/p>\n","protected":false},"author":2,"featured_media":223831,"comment_status":"closed","ping_status":"closed","sticky":false,"template":"","format":"standard","meta":{"ngg_post_thumbnail":0,"_jetpack_memberships_contains_paid_content":false,"footnotes":""},"categories":[1],"tags":[],"class_list":["post-223830","post","type-post","status-publish","format-standard","has-post-thumbnail","hentry","category-allgemein"],"jetpack_featured_media_url":"https:\/\/i0.wp.com\/grundschule-homberg.de\/wp\/wp-content\/uploads\/2022\/09\/IMG_20220930_114639-scaled.jpg?fit=1920%2C2560&ssl=1","jetpack_shortlink":"https:\/\/wp.me\/p3XuEZ-Wea","jetpack-related-posts":[],"jetpack_sharing_enabled":true,"_links":{"self":[{"href":"https:\/\/grundschule-homberg.de\/wp\/index.php?rest_route=\/wp\/v2\/posts\/223830","targetHints":{"allow":["GET"]}}],"collection":[{"href":"https:\/\/grundschule-homberg.de\/wp\/index.php?rest_route=\/wp\/v2\/posts"}],"about":[{"href":"https:\/\/grundschule-homberg.de\/wp\/index.php?rest_route=\/wp\/v2\/types\/post"}],"author":[{"embeddable":true,"href":"https:\/\/grundschule-homberg.de\/wp\/index.php?rest_route=\/wp\/v2\/users\/2"}],"replies":[{"embeddable":true,"href":"https:\/\/grundschule-homberg.de\/wp\/index.php?rest_route=%2Fwp%2Fv2%2Fcomments&post=223830"}],"version-history":[{"count":2,"href":"https:\/\/grundschule-homberg.de\/wp\/index.php?rest_route=\/wp\/v2\/posts\/223830\/revisions"}],"predecessor-version":[{"id":223834,"href":"https:\/\/grundschule-homberg.de\/wp\/index.php?rest_route=\/wp\/v2\/posts\/223830\/revisions\/223834"}],"wp:featuredmedia":[{"embeddable":true,"href":"https:\/\/grundschule-homberg.de\/wp\/index.php?rest_route=\/wp\/v2\/media\/223831"}],"wp:attachment":[{"href":"https:\/\/grundschule-homberg.de\/wp\/index.php?rest_route=%2Fwp%2Fv2%2Fmedia&parent=223830"}],"wp:term":[{"taxonomy":"category","embeddable":true,"href":"https:\/\/grundschule-homberg.de\/wp\/index.php?rest_route=%2Fwp%2Fv2%2Fcategories&post=223830"},{"taxonomy":"post_tag","embeddable":true,"href":"https:\/\/grundschule-homberg.de\/wp\/index.php?rest_route=%2Fwp%2Fv2%2Ftags&post=223830"}],"curies":[{"name":"wp","href":"https:\/\/api.w.org\/{rel}","templated":true}]}}