{"id":223868,"date":"2022-10-13T15:18:16","date_gmt":"2022-10-13T13:18:16","guid":{"rendered":"https:\/\/grundschule-homberg.de\/wp\/?p=223868"},"modified":"2022-10-13T15:18:16","modified_gmt":"2022-10-13T13:18:16","slug":"nutzungsverbot-von-handys-smartwatches-etc-fuer-schuelerinnen","status":"publish","type":"post","link":"https:\/\/grundschule-homberg.de\/wp\/?p=223868","title":{"rendered":"Nutzungsverbot von Handys, &#8222;Smartwatches&#8220; etc.  f\u00fcr Sch\u00fclerInnen"},"content":{"rendered":"<p>Zur Umsetzung der Datenschutzgrundverordnung (DSVGO) und zur Vermeidung von St\u00f6rungen des Schulbetriebes haben die Gesamtkonferenz sowie der Schulelternbereit der Grundschule Homberg einstimmig folgenden Beschluss gefasst:<\/p>\n<p><strong>Die Nutzung von Ger\u00e4ten, die folgende Eigenschaften aufweisen, sind nicht mit in die Schule zu f\u00fchren ODER m\u00fcssen ausgeschaltet im Ranzen aufbewahrt werden!<\/strong><\/p>\n<p>Dies betrifft Ger\u00e4te, die:<\/p>\n<ul>\n<li>prinzipiell die M\u00f6glichkeit zur Aufnahme von Fotos, Videos oder Audios bieten<\/li>\n<li>in jedweder Art in ihrer Bauweise kommunikationsf\u00e4hig sind (Sprache, Foto, Video, Schriftsprache). <em>Flug-, Schul- oder Silent-Modus bieten hierbei keine Ausnahme!<\/em><\/li>\n<li>den Schulbetrieb st\u00f6ren (Ablenkung durch \u201eSpielerei am Ger\u00e4t)<\/li>\n<\/ul>\n<p>Beispiele daf\u00fcr sind: Handys, \u201eSmartwatches\u201c, \u201eHandhelds\u201c (kleine Konsolen oder Videoabspielger\u00e4te), Musikabspielger\u00e4te, Kameras \u2026<\/p>\n<p>Eine Nutzung in Ausnahmef\u00e4llen muss mit den Lehrkr\u00e4ften und der Schulleitung im Einzelfall abgesprochen werden z.B. zur medizinischen \u00dcberwachung.<\/p>\n<p>Bei Verlust, Diebstahl oder Besch\u00e4digung der Ger\u00e4te haftet die Schule nicht.<\/p>\n<p>Bei Versto\u00df gegen obige Regel wird das Ger\u00e4t von den Lehrkr\u00e4ften eingezogen.<\/p>\n<p>Das Ger\u00e4t kann dann nach Terminabsprache im Sekretariat abgeholt werden.<\/p>\n<p>Das Nutzungsverbot bezieht sich auf das gesamte Schulgel\u00e4nde und den gesamten Unterrichtsbetrieb einschlie\u00dflich Betreuung, Ausfl\u00fcge, Pausen etc.<\/p>\n<p>Der Beschluss tritt ab sofort in Kraft.<\/p>\n<p>&nbsp;<\/p>\n","protected":false},"excerpt":{"rendered":"<p>Zur Umsetzung der Datenschutzgrundverordnung (DSVGO) und zur Vermeidung von St\u00f6rungen des Schulbetriebes haben die Gesamtkonferenz sowie der Schulelternbereit der Grundschule Homberg einstimmig folgenden Beschluss gefasst: Die Nutzung von Ger\u00e4ten, die folgende Eigenschaften aufweisen, sind nicht mit in die Schule zu f\u00fchren ODER m\u00fcssen ausgeschaltet im Ranzen aufbewahrt werden! Dies betrifft Ger\u00e4te, die: prinzipiell die M\u00f6glichkeit &hellip; <a href=\"https:\/\/grundschule-homberg.de\/wp\/?p=223868\" class=\"more-link\"><span class=\"screen-reader-text\">Nutzungsverbot von Handys, &#8222;Smartwatches&#8220; etc.  f\u00fcr Sch\u00fclerInnen<\/span> weiterlesen <span class=\"meta-nav\">&rarr;<\/span><\/a><\/p>\n","protected":false},"author":2,"featured_media":222915,"comment_status":"closed","ping_status":"closed","sticky":false,"template":"","format":"standard","meta":{"ngg_post_thumbnail":0,"_jetpack_memberships_contains_paid_content":false,"footnotes":""},"categories":[1],"tags":[],"class_list":["post-223868","post","type-post","status-publish","format-standard","has-post-thumbnail","hentry","category-allgemein"],"jetpack_featured_media_url":"https:\/\/i0.wp.com\/grundschule-homberg.de\/wp\/wp-content\/uploads\/2020\/10\/GruSchu-Icon.jpg?fit=388%2C312&ssl=1","jetpack_shortlink":"https:\/\/wp.me\/p3XuEZ-WeM","jetpack-related-posts":[],"jetpack_sharing_enabled":true,"_links":{"self":[{"href":"https:\/\/grundschule-homberg.de\/wp\/index.php?rest_route=\/wp\/v2\/posts\/223868","targetHints":{"allow":["GET"]}}],"collection":[{"href":"https:\/\/grundschule-homberg.de\/wp\/index.php?rest_route=\/wp\/v2\/posts"}],"about":[{"href":"https:\/\/grundschule-homberg.de\/wp\/index.php?rest_route=\/wp\/v2\/types\/post"}],"author":[{"embeddable":true,"href":"https:\/\/grundschule-homberg.de\/wp\/index.php?rest_route=\/wp\/v2\/users\/2"}],"replies":[{"embeddable":true,"href":"https:\/\/grundschule-homberg.de\/wp\/index.php?rest_route=%2Fwp%2Fv2%2Fcomments&post=223868"}],"version-history":[{"count":1,"href":"https:\/\/grundschule-homberg.de\/wp\/index.php?rest_route=\/wp\/v2\/posts\/223868\/revisions"}],"predecessor-version":[{"id":223869,"href":"https:\/\/grundschule-homberg.de\/wp\/index.php?rest_route=\/wp\/v2\/posts\/223868\/revisions\/223869"}],"wp:featuredmedia":[{"embeddable":true,"href":"https:\/\/grundschule-homberg.de\/wp\/index.php?rest_route=\/wp\/v2\/media\/222915"}],"wp:attachment":[{"href":"https:\/\/grundschule-homberg.de\/wp\/index.php?rest_route=%2Fwp%2Fv2%2Fmedia&parent=223868"}],"wp:term":[{"taxonomy":"category","embeddable":true,"href":"https:\/\/grundschule-homberg.de\/wp\/index.php?rest_route=%2Fwp%2Fv2%2Fcategories&post=223868"},{"taxonomy":"post_tag","embeddable":true,"href":"https:\/\/grundschule-homberg.de\/wp\/index.php?rest_route=%2Fwp%2Fv2%2Ftags&post=223868"}],"curies":[{"name":"wp","href":"https:\/\/api.w.org\/{rel}","templated":true}]}}