{"id":223930,"date":"2022-12-18T13:37:28","date_gmt":"2022-12-18T12:37:28","guid":{"rendered":"https:\/\/grundschule-homberg.de\/wp\/?p=223930"},"modified":"2022-12-18T13:37:28","modified_gmt":"2022-12-18T12:37:28","slug":"schulhofprojekt-grosses-dankeschoen-an-spender","status":"publish","type":"post","link":"https:\/\/grundschule-homberg.de\/wp\/?p=223930","title":{"rendered":"Schulhofprojekt &#8211; gro\u00dfes Dankesch\u00f6n an Spender"},"content":{"rendered":"<p>Am Freitag, den 16. Dezember 2022, sagten F\u00f6rderverein und Grundschule noch einmal herzlich Dankesch\u00f6n an die Gewebetreibenden aus Homberg und Umgebung, die das Schulhofprojekt in diesem Jahr mit gro\u00dfz\u00fcgigen Geldspenden unterst\u00fctzt haben.&nbsp;<\/p>\n<p><a href=\"https:\/\/i0.wp.com\/grundschule-homberg.de\/wp\/wp-content\/uploads\/2022\/12\/ITkfOLvgbujXGYXZUZbvlwkn.jpg?ssl=1\"><img data-recalc-dims=\"1\" loading=\"lazy\" decoding=\"async\" class=\"alignright size-medium wp-image-223934\" src=\"https:\/\/i0.wp.com\/grundschule-homberg.de\/wp\/wp-content\/uploads\/2022\/12\/ITkfOLvgbujXGYXZUZbvlwkn.jpg?resize=300%2C225&#038;ssl=1\" alt=\"\" width=\"300\" height=\"225\" srcset=\"https:\/\/i0.wp.com\/grundschule-homberg.de\/wp\/wp-content\/uploads\/2022\/12\/ITkfOLvgbujXGYXZUZbvlwkn.jpg?resize=300%2C225&amp;ssl=1 300w, https:\/\/i0.wp.com\/grundschule-homberg.de\/wp\/wp-content\/uploads\/2022\/12\/ITkfOLvgbujXGYXZUZbvlwkn.jpg?resize=150%2C113&amp;ssl=1 150w, https:\/\/i0.wp.com\/grundschule-homberg.de\/wp\/wp-content\/uploads\/2022\/12\/ITkfOLvgbujXGYXZUZbvlwkn.jpg?w=320&amp;ssl=1 320w\" sizes=\"auto, (max-width: 300px) 100vw, 300px\" \/><\/a><\/p>\n<p>Schulleiterin Eva Sartorius und die erste Vorsitzende des F\u00f6rdervereins Julia Braun-Seibert dankten den SpenderInnen noch einmal f\u00fcr ihre Investition in unsere Homberger Kinder. Die Schulleiterin betonte, dass ein attraktiver Spielplatz, wie er nun auf dem oberen Pausenhof entstanden ist, dem Bewegungsmangel junger Kinder entgegenwirke und somit auch eine aktive Gesundheitsvorsorge darstelle. Au\u00dferdem verbessere sich das soziale Miteinander in den Pausen. Das kooperative Spielen werde nun viel besser gef\u00f6rdert als durch die anregungsarme Asphaltw\u00fcste, die der Schulhof vorher gewesen sei. Den dritten nicht zu vernachl\u00e4ssigenden Vorteil der Schulhofsanierung sehe die Schulleiterin in der Nachhaltigkeit. Die Entsiegelung des Bodens und die Anpflanzung von heimischen B\u00fcschen und B\u00e4umen sorge f\u00fcr eine \u00f6kologischere Umgebung und leiste besonders in den mittlerweile hei\u00dfen Sommern einen guten Hitzeschutz.&nbsp;<\/p>\n<p>Frau Braun-Seibert lie\u00df noch einmal das Jahr 2022 Revue passieren, in dem der F\u00f6rderverein die gesamte Spendensumme von \u00fcber 60.000 \u20ac zusammengebracht und das Projekt schlie\u00dflich in die Tat umgesetzt hat. Neben dem Spendenaufruf per Brief hatte&nbsp; der Verein an zahlreichen Wettbewerben und Veranstaltungen teilgenommen. Ein gro\u00dfer Sponsorenlauf wurde im Mai mit vielen Helfern erfolgreich durchgef\u00fchrt. Ihre Worte schlossen mit einem Ausblick auf die Weiterarbeit am Schulgel\u00e4nde.&nbsp;<\/p>\n<p><a href=\"https:\/\/i0.wp.com\/grundschule-homberg.de\/wp\/wp-content\/uploads\/2022\/12\/UBPPnebljepjNhxApLwCsgXl.jpg?ssl=1\"><img data-recalc-dims=\"1\" loading=\"lazy\" decoding=\"async\" class=\"alignright size-medium wp-image-223937\" src=\"https:\/\/i0.wp.com\/grundschule-homberg.de\/wp\/wp-content\/uploads\/2022\/12\/UBPPnebljepjNhxApLwCsgXl.jpg?resize=300%2C225&#038;ssl=1\" alt=\"\" width=\"300\" height=\"225\" srcset=\"https:\/\/i0.wp.com\/grundschule-homberg.de\/wp\/wp-content\/uploads\/2022\/12\/UBPPnebljepjNhxApLwCsgXl.jpg?resize=300%2C225&amp;ssl=1 300w, https:\/\/i0.wp.com\/grundschule-homberg.de\/wp\/wp-content\/uploads\/2022\/12\/UBPPnebljepjNhxApLwCsgXl.jpg?resize=150%2C113&amp;ssl=1 150w, https:\/\/i0.wp.com\/grundschule-homberg.de\/wp\/wp-content\/uploads\/2022\/12\/UBPPnebljepjNhxApLwCsgXl.jpg?w=320&amp;ssl=1 320w\" sizes=\"auto, (max-width: 300px) 100vw, 300px\" \/><\/a><\/p>\n<p>Die anwesenden Schulkinder bedankten sich mit jubelndem Applaus und die Klasse 2a trug das Lied &#8222;Schule ist mehr&#8220; vor. Danach wurde eine gro\u00dfe Tafel mit den gewerblichen Spendern wurde enth\u00fcllt. Sie soll nach der Frostperiode fest auf dem Schulhof installiert werden.&nbsp;<\/p>\n<p><a href=\"https:\/\/i0.wp.com\/grundschule-homberg.de\/wp\/wp-content\/uploads\/2022\/12\/20221216_122014-1-scaled.jpg?ssl=1\"><img data-recalc-dims=\"1\" loading=\"lazy\" decoding=\"async\" class=\"size-medium wp-image-223932 alignnone\" src=\"https:\/\/i0.wp.com\/grundschule-homberg.de\/wp\/wp-content\/uploads\/2022\/12\/20221216_122014-1.jpg?resize=300%2C225&#038;ssl=1\" alt=\"\" width=\"300\" height=\"225\" srcset=\"https:\/\/i0.wp.com\/grundschule-homberg.de\/wp\/wp-content\/uploads\/2022\/12\/20221216_122014-1-scaled.jpg?resize=300%2C225&amp;ssl=1 300w, https:\/\/i0.wp.com\/grundschule-homberg.de\/wp\/wp-content\/uploads\/2022\/12\/20221216_122014-1-scaled.jpg?resize=1024%2C768&amp;ssl=1 1024w, https:\/\/i0.wp.com\/grundschule-homberg.de\/wp\/wp-content\/uploads\/2022\/12\/20221216_122014-1-scaled.jpg?resize=150%2C113&amp;ssl=1 150w, https:\/\/i0.wp.com\/grundschule-homberg.de\/wp\/wp-content\/uploads\/2022\/12\/20221216_122014-1-scaled.jpg?resize=768%2C576&amp;ssl=1 768w, https:\/\/i0.wp.com\/grundschule-homberg.de\/wp\/wp-content\/uploads\/2022\/12\/20221216_122014-1-scaled.jpg?resize=1536%2C1152&amp;ssl=1 1536w, https:\/\/i0.wp.com\/grundschule-homberg.de\/wp\/wp-content\/uploads\/2022\/12\/20221216_122014-1-scaled.jpg?resize=2048%2C1536&amp;ssl=1 2048w, https:\/\/i0.wp.com\/grundschule-homberg.de\/wp\/wp-content\/uploads\/2022\/12\/20221216_122014-1-scaled.jpg?w=1208&amp;ssl=1 1208w, https:\/\/i0.wp.com\/grundschule-homberg.de\/wp\/wp-content\/uploads\/2022\/12\/20221216_122014-1-scaled.jpg?w=1812&amp;ssl=1 1812w\" sizes=\"auto, (max-width: 300px) 100vw, 300px\" \/><\/a><a href=\"https:\/\/i0.wp.com\/grundschule-homberg.de\/wp\/wp-content\/uploads\/2022\/12\/jtNjlWcCxHpuLnMNmQzwqcuv.jpg?ssl=1\"><img data-recalc-dims=\"1\" loading=\"lazy\" decoding=\"async\" class=\"alignright size-full wp-image-223935\" src=\"https:\/\/i0.wp.com\/grundschule-homberg.de\/wp\/wp-content\/uploads\/2022\/12\/jtNjlWcCxHpuLnMNmQzwqcuv.jpg?resize=180%2C240&#038;ssl=1\" alt=\"\" width=\"180\" height=\"240\" srcset=\"https:\/\/i0.wp.com\/grundschule-homberg.de\/wp\/wp-content\/uploads\/2022\/12\/jtNjlWcCxHpuLnMNmQzwqcuv.jpg?w=180&amp;ssl=1 180w, https:\/\/i0.wp.com\/grundschule-homberg.de\/wp\/wp-content\/uploads\/2022\/12\/jtNjlWcCxHpuLnMNmQzwqcuv.jpg?resize=113%2C150&amp;ssl=1 113w\" sizes=\"auto, (max-width: 180px) 100vw, 180px\" \/><\/a><\/p>\n<p><a href=\"https:\/\/i0.wp.com\/grundschule-homberg.de\/wp\/wp-content\/uploads\/2022\/12\/vATayIKaRXqVngWYhxgzXWei.jpg?ssl=1\"><img data-recalc-dims=\"1\" loading=\"lazy\" decoding=\"async\" class=\"size-medium wp-image-223938 alignleft\" src=\"https:\/\/i0.wp.com\/grundschule-homberg.de\/wp\/wp-content\/uploads\/2022\/12\/vATayIKaRXqVngWYhxgzXWei.jpg?resize=300%2C225&#038;ssl=1\" alt=\"\" width=\"300\" height=\"225\" srcset=\"https:\/\/i0.wp.com\/grundschule-homberg.de\/wp\/wp-content\/uploads\/2022\/12\/vATayIKaRXqVngWYhxgzXWei.jpg?resize=300%2C225&amp;ssl=1 300w, https:\/\/i0.wp.com\/grundschule-homberg.de\/wp\/wp-content\/uploads\/2022\/12\/vATayIKaRXqVngWYhxgzXWei.jpg?resize=150%2C113&amp;ssl=1 150w, https:\/\/i0.wp.com\/grundschule-homberg.de\/wp\/wp-content\/uploads\/2022\/12\/vATayIKaRXqVngWYhxgzXWei.jpg?w=320&amp;ssl=1 320w\" sizes=\"auto, (max-width: 300px) 100vw, 300px\" \/><\/a><\/p>\n<p>&nbsp;<\/p>\n<p>&nbsp;<\/p>\n<p>&nbsp;<\/p>\n<p>Zum Schluss wurde dann die Hangelbank und die neue Rutsche f\u00fcr die Kinder freigegeben. Die Kletterger\u00fcste waren bereits nach Fertigstellung im November eifrig bespielt worden.&nbsp;<\/p>\n<p>&nbsp;<\/p>\n<p><a href=\"https:\/\/i0.wp.com\/grundschule-homberg.de\/wp\/wp-content\/uploads\/2022\/12\/xEhUrhYfCaDpcxHnGCcwXQcF.jpg?ssl=1\"><img data-recalc-dims=\"1\" loading=\"lazy\" decoding=\"async\" class=\"size-medium wp-image-223939 aligncenter\" src=\"https:\/\/i0.wp.com\/grundschule-homberg.de\/wp\/wp-content\/uploads\/2022\/12\/xEhUrhYfCaDpcxHnGCcwXQcF.jpg?resize=300%2C225&#038;ssl=1\" alt=\"\" width=\"300\" height=\"225\" srcset=\"https:\/\/i0.wp.com\/grundschule-homberg.de\/wp\/wp-content\/uploads\/2022\/12\/xEhUrhYfCaDpcxHnGCcwXQcF.jpg?resize=300%2C225&amp;ssl=1 300w, https:\/\/i0.wp.com\/grundschule-homberg.de\/wp\/wp-content\/uploads\/2022\/12\/xEhUrhYfCaDpcxHnGCcwXQcF.jpg?resize=150%2C113&amp;ssl=1 150w, https:\/\/i0.wp.com\/grundschule-homberg.de\/wp\/wp-content\/uploads\/2022\/12\/xEhUrhYfCaDpcxHnGCcwXQcF.jpg?w=320&amp;ssl=1 320w\" sizes=\"auto, (max-width: 300px) 100vw, 300px\" \/><\/a> <a href=\"https:\/\/i0.wp.com\/grundschule-homberg.de\/wp\/wp-content\/uploads\/2022\/12\/NQvHJYXZJazvYiDMyubbpiaG.jpg?ssl=1\"><img data-recalc-dims=\"1\" loading=\"lazy\" decoding=\"async\" class=\"alignright size-medium wp-image-223936\" src=\"https:\/\/i0.wp.com\/grundschule-homberg.de\/wp\/wp-content\/uploads\/2022\/12\/NQvHJYXZJazvYiDMyubbpiaG.jpg?resize=300%2C225&#038;ssl=1\" alt=\"\" width=\"300\" height=\"225\" srcset=\"https:\/\/i0.wp.com\/grundschule-homberg.de\/wp\/wp-content\/uploads\/2022\/12\/NQvHJYXZJazvYiDMyubbpiaG.jpg?resize=300%2C225&amp;ssl=1 300w, https:\/\/i0.wp.com\/grundschule-homberg.de\/wp\/wp-content\/uploads\/2022\/12\/NQvHJYXZJazvYiDMyubbpiaG.jpg?resize=150%2C113&amp;ssl=1 150w, https:\/\/i0.wp.com\/grundschule-homberg.de\/wp\/wp-content\/uploads\/2022\/12\/NQvHJYXZJazvYiDMyubbpiaG.jpg?w=320&amp;ssl=1 320w\" sizes=\"auto, (max-width: 300px) 100vw, 300px\" \/><\/a> <a href=\"https:\/\/i0.wp.com\/grundschule-homberg.de\/wp\/wp-content\/uploads\/2022\/12\/362B74D8-C864-495D-BC00-53F25D88D036-scaled.jpeg?ssl=1\"><img data-recalc-dims=\"1\" loading=\"lazy\" decoding=\"async\" class=\"alignright size-medium wp-image-223931\" src=\"https:\/\/i0.wp.com\/grundschule-homberg.de\/wp\/wp-content\/uploads\/2022\/12\/362B74D8-C864-495D-BC00-53F25D88D036.jpeg?resize=225%2C300&#038;ssl=1\" alt=\"\" width=\"225\" height=\"300\" srcset=\"https:\/\/i0.wp.com\/grundschule-homberg.de\/wp\/wp-content\/uploads\/2022\/12\/362B74D8-C864-495D-BC00-53F25D88D036-scaled.jpeg?resize=225%2C300&amp;ssl=1 225w, https:\/\/i0.wp.com\/grundschule-homberg.de\/wp\/wp-content\/uploads\/2022\/12\/362B74D8-C864-495D-BC00-53F25D88D036-scaled.jpeg?resize=768%2C1024&amp;ssl=1 768w, https:\/\/i0.wp.com\/grundschule-homberg.de\/wp\/wp-content\/uploads\/2022\/12\/362B74D8-C864-495D-BC00-53F25D88D036-scaled.jpeg?resize=113%2C150&amp;ssl=1 113w, https:\/\/i0.wp.com\/grundschule-homberg.de\/wp\/wp-content\/uploads\/2022\/12\/362B74D8-C864-495D-BC00-53F25D88D036-scaled.jpeg?resize=1152%2C1536&amp;ssl=1 1152w, https:\/\/i0.wp.com\/grundschule-homberg.de\/wp\/wp-content\/uploads\/2022\/12\/362B74D8-C864-495D-BC00-53F25D88D036-scaled.jpeg?resize=1536%2C2048&amp;ssl=1 1536w, https:\/\/i0.wp.com\/grundschule-homberg.de\/wp\/wp-content\/uploads\/2022\/12\/362B74D8-C864-495D-BC00-53F25D88D036-scaled.jpeg?w=1920&amp;ssl=1 1920w, https:\/\/i0.wp.com\/grundschule-homberg.de\/wp\/wp-content\/uploads\/2022\/12\/362B74D8-C864-495D-BC00-53F25D88D036-scaled.jpeg?w=1208&amp;ssl=1 1208w, https:\/\/i0.wp.com\/grundschule-homberg.de\/wp\/wp-content\/uploads\/2022\/12\/362B74D8-C864-495D-BC00-53F25D88D036-scaled.jpeg?w=1812&amp;ssl=1 1812w\" sizes=\"auto, (max-width: 225px) 100vw, 225px\" \/><\/a><\/p>\n<p>&nbsp;<\/p>\n<p>&nbsp;<\/p>\n<p>&nbsp;<\/p>\n<p>&nbsp;<\/p>\n<p>&nbsp;<\/p>\n<p>&nbsp;<\/p>\n<p>&nbsp;<\/p>\n<p>&nbsp;<\/p>\n<p>Zuletzt bleibt auch noch allen privaten Spenderinnen und Spendern zu danken und allen, die durch ihr Engagement diesen sch\u00f6nen Spielplatz m\u00f6glich gemacht haben!<\/p>\n","protected":false},"excerpt":{"rendered":"<p>Am Freitag, den 16. Dezember 2022, sagten F\u00f6rderverein und Grundschule noch einmal herzlich Dankesch\u00f6n an die Gewebetreibenden aus Homberg und Umgebung, die das Schulhofprojekt in diesem Jahr mit gro\u00dfz\u00fcgigen Geldspenden unterst\u00fctzt haben.&nbsp; Schulleiterin Eva Sartorius und die erste Vorsitzende des F\u00f6rdervereins Julia Braun-Seibert dankten den SpenderInnen noch einmal f\u00fcr ihre Investition in unsere Homberger Kinder. &hellip; <a href=\"https:\/\/grundschule-homberg.de\/wp\/?p=223930\" class=\"more-link\"><span class=\"screen-reader-text\">Schulhofprojekt &#8211; gro\u00dfes Dankesch\u00f6n an Spender<\/span> weiterlesen <span class=\"meta-nav\">&rarr;<\/span><\/a><\/p>\n","protected":false},"author":2,"featured_media":223933,"comment_status":"closed","ping_status":"closed","sticky":false,"template":"","format":"standard","meta":{"ngg_post_thumbnail":0,"_jetpack_memberships_contains_paid_content":false,"footnotes":""},"categories":[1],"tags":[],"class_list":["post-223930","post","type-post","status-publish","format-standard","has-post-thumbnail","hentry","category-allgemein"],"jetpack_featured_media_url":"https:\/\/i0.wp.com\/grundschule-homberg.de\/wp\/wp-content\/uploads\/2022\/12\/FfEkteenoIJeKHXaEsHHPkHs.jpg?fit=640%2C279&ssl=1","jetpack_shortlink":"https:\/\/wp.me\/p3XuEZ-WfM","jetpack-related-posts":[],"jetpack_sharing_enabled":true,"_links":{"self":[{"href":"https:\/\/grundschule-homberg.de\/wp\/index.php?rest_route=\/wp\/v2\/posts\/223930","targetHints":{"allow":["GET"]}}],"collection":[{"href":"https:\/\/grundschule-homberg.de\/wp\/index.php?rest_route=\/wp\/v2\/posts"}],"about":[{"href":"https:\/\/grundschule-homberg.de\/wp\/index.php?rest_route=\/wp\/v2\/types\/post"}],"author":[{"embeddable":true,"href":"https:\/\/grundschule-homberg.de\/wp\/index.php?rest_route=\/wp\/v2\/users\/2"}],"replies":[{"embeddable":true,"href":"https:\/\/grundschule-homberg.de\/wp\/index.php?rest_route=%2Fwp%2Fv2%2Fcomments&post=223930"}],"version-history":[{"count":1,"href":"https:\/\/grundschule-homberg.de\/wp\/index.php?rest_route=\/wp\/v2\/posts\/223930\/revisions"}],"predecessor-version":[{"id":223940,"href":"https:\/\/grundschule-homberg.de\/wp\/index.php?rest_route=\/wp\/v2\/posts\/223930\/revisions\/223940"}],"wp:featuredmedia":[{"embeddable":true,"href":"https:\/\/grundschule-homberg.de\/wp\/index.php?rest_route=\/wp\/v2\/media\/223933"}],"wp:attachment":[{"href":"https:\/\/grundschule-homberg.de\/wp\/index.php?rest_route=%2Fwp%2Fv2%2Fmedia&parent=223930"}],"wp:term":[{"taxonomy":"category","embeddable":true,"href":"https:\/\/grundschule-homberg.de\/wp\/index.php?rest_route=%2Fwp%2Fv2%2Fcategories&post=223930"},{"taxonomy":"post_tag","embeddable":true,"href":"https:\/\/grundschule-homberg.de\/wp\/index.php?rest_route=%2Fwp%2Fv2%2Ftags&post=223930"}],"curies":[{"name":"wp","href":"https:\/\/api.w.org\/{rel}","templated":true}]}}