{"id":224008,"date":"2023-02-19T10:36:24","date_gmt":"2023-02-19T09:36:24","guid":{"rendered":"https:\/\/grundschule-homberg.de\/wp\/?p=224008"},"modified":"2023-02-19T11:24:58","modified_gmt":"2023-02-19T10:24:58","slug":"faschingsfeier-2023","status":"publish","type":"post","link":"https:\/\/grundschule-homberg.de\/wp\/?p=224008","title":{"rendered":"Faschingsfeier 2023"},"content":{"rendered":"<p>Am Freitag, den 17. Februar stand die gesamte Grundschule Homberg Kopf. Zur zweiten Stunde kamen alle Schulkinder verkleidet zur Schule. Zun\u00e4chst feierte man in den Klassen, dazu hatten die Lehrkr\u00e4fte St\u00fcckchen vom B\u00e4cker bestellt. Nach der gro\u00dfen Pause ging die gro\u00dfe Feier in der Turnhalle los.&nbsp;<\/p>\n<p>Auf der B\u00fchne konnten die Homberger Kinder zeigen, was sie f\u00fcr Fasching vorbereitet hatten: der Schulchor, die HSC Minigarde, die Tanz-AG, die Ober-Ofleidener Jungen und M\u00e4dchen sowie Mika Metz als Tanzmariechen zeigten ihr K\u00f6nnen und wurden mit gro\u00dfem Applaus und Jubel bedacht.&nbsp;<\/p>\n<p>Durch das Programm f\u00fchrte sehr gekonnt der Homberger HSC-Sitzungspr\u00e4sident Andreas Sinke.&nbsp;<\/p>\n<p>Danach wurde getanzt, eine Polonaise gemacht und Stopptanz gespielt.&nbsp;<\/p>\n<p>Bereits nach der vierten endete die Party. Am Rosenmontag und Faschingsdienstag ist schulfrei. Da wird in der Betreuung allerdings kr\u00e4ftig weiter gefeiert.<\/p>\nngg_shortcode_0_placeholder\n","protected":false},"excerpt":{"rendered":"<p>Am Freitag, den 17. Februar stand die gesamte Grundschule Homberg Kopf. Zur zweiten Stunde kamen alle Schulkinder verkleidet zur Schule. Zun\u00e4chst feierte man in den Klassen, dazu hatten die Lehrkr\u00e4fte St\u00fcckchen vom B\u00e4cker bestellt. Nach der gro\u00dfen Pause ging die gro\u00dfe Feier in der Turnhalle los.&nbsp; Auf der B\u00fchne konnten die Homberger Kinder zeigen, was &hellip; <a href=\"https:\/\/grundschule-homberg.de\/wp\/?p=224008\" class=\"more-link\"><span class=\"screen-reader-text\">Faschingsfeier 2023<\/span> weiterlesen <span class=\"meta-nav\">&rarr;<\/span><\/a><\/p>\n","protected":false},"author":2,"featured_media":224010,"comment_status":"closed","ping_status":"closed","sticky":false,"template":"","format":"standard","meta":{"ngg_post_thumbnail":0,"_jetpack_memberships_contains_paid_content":false,"footnotes":""},"categories":[1],"tags":[],"class_list":["post-224008","post","type-post","status-publish","format-standard","has-post-thumbnail","hentry","category-allgemein"],"jetpack_featured_media_url":"https:\/\/i0.wp.com\/grundschule-homberg.de\/wp\/wp-content\/uploads\/2023\/02\/IMG-20230217-WA0015.jpg?fit=1536%2C2048&ssl=1","jetpack_shortlink":"https:\/\/wp.me\/p3XuEZ-Wh2","jetpack-related-posts":[],"jetpack_sharing_enabled":true,"_links":{"self":[{"href":"https:\/\/grundschule-homberg.de\/wp\/index.php?rest_route=\/wp\/v2\/posts\/224008","targetHints":{"allow":["GET"]}}],"collection":[{"href":"https:\/\/grundschule-homberg.de\/wp\/index.php?rest_route=\/wp\/v2\/posts"}],"about":[{"href":"https:\/\/grundschule-homberg.de\/wp\/index.php?rest_route=\/wp\/v2\/types\/post"}],"author":[{"embeddable":true,"href":"https:\/\/grundschule-homberg.de\/wp\/index.php?rest_route=\/wp\/v2\/users\/2"}],"replies":[{"embeddable":true,"href":"https:\/\/grundschule-homberg.de\/wp\/index.php?rest_route=%2Fwp%2Fv2%2Fcomments&post=224008"}],"version-history":[{"count":5,"href":"https:\/\/grundschule-homberg.de\/wp\/index.php?rest_route=\/wp\/v2\/posts\/224008\/revisions"}],"predecessor-version":[{"id":224033,"href":"https:\/\/grundschule-homberg.de\/wp\/index.php?rest_route=\/wp\/v2\/posts\/224008\/revisions\/224033"}],"wp:featuredmedia":[{"embeddable":true,"href":"https:\/\/grundschule-homberg.de\/wp\/index.php?rest_route=\/wp\/v2\/media\/224010"}],"wp:attachment":[{"href":"https:\/\/grundschule-homberg.de\/wp\/index.php?rest_route=%2Fwp%2Fv2%2Fmedia&parent=224008"}],"wp:term":[{"taxonomy":"category","embeddable":true,"href":"https:\/\/grundschule-homberg.de\/wp\/index.php?rest_route=%2Fwp%2Fv2%2Fcategories&post=224008"},{"taxonomy":"post_tag","embeddable":true,"href":"https:\/\/grundschule-homberg.de\/wp\/index.php?rest_route=%2Fwp%2Fv2%2Ftags&post=224008"}],"curies":[{"name":"wp","href":"https:\/\/api.w.org\/{rel}","templated":true}]}}