{"id":224224,"date":"2023-06-14T20:17:27","date_gmt":"2023-06-14T18:17:27","guid":{"rendered":"https:\/\/grundschule-homberg.de\/wp\/?p=224224"},"modified":"2023-06-14T20:23:00","modified_gmt":"2023-06-14T18:23:00","slug":"trikottag-an-der-grundschule","status":"publish","type":"post","link":"https:\/\/grundschule-homberg.de\/wp\/?p=224224","title":{"rendered":"Trikottag an der Grundschule"},"content":{"rendered":"<p>Den 14.Juni 2023 hatte der Landessportbund zum Trikottag erkl\u00e4rt. An diesem Tag sollten die \u00f6rtlichen Sportvereine im Vordergrund. Die Schulkinder aber auch alle anderen erwachsenen Menschen waren aufgerufen, ihr Sporttrikot oder Vereinsshirt den gesamten Arbeitstag \u00fcber zu tragen. Damit sollte auf die vielf\u00e4ltigen Angebote und das ehrenamtliche Engagement der Vereine aufmerksam gemacht werden und gleichzeitig Lust machen, einem Sportverein beizutreten. <a href=\"https:\/\/i0.wp.com\/grundschule-homberg.de\/wp\/wp-content\/uploads\/2023\/06\/253B2C5D-BFB3-4E4C-B428-5AD7A57752C7-scaled.jpeg?ssl=1\"><img data-recalc-dims=\"1\" loading=\"lazy\" decoding=\"async\" class=\"alignright size-medium wp-image-224227\" src=\"https:\/\/i0.wp.com\/grundschule-homberg.de\/wp\/wp-content\/uploads\/2023\/06\/253B2C5D-BFB3-4E4C-B428-5AD7A57752C7.jpeg?resize=300%2C225&#038;ssl=1\" alt=\"\" width=\"300\" height=\"225\" srcset=\"https:\/\/i0.wp.com\/grundschule-homberg.de\/wp\/wp-content\/uploads\/2023\/06\/253B2C5D-BFB3-4E4C-B428-5AD7A57752C7-scaled.jpeg?resize=300%2C225&amp;ssl=1 300w, https:\/\/i0.wp.com\/grundschule-homberg.de\/wp\/wp-content\/uploads\/2023\/06\/253B2C5D-BFB3-4E4C-B428-5AD7A57752C7-scaled.jpeg?resize=1024%2C768&amp;ssl=1 1024w, https:\/\/i0.wp.com\/grundschule-homberg.de\/wp\/wp-content\/uploads\/2023\/06\/253B2C5D-BFB3-4E4C-B428-5AD7A57752C7-scaled.jpeg?resize=150%2C113&amp;ssl=1 150w, https:\/\/i0.wp.com\/grundschule-homberg.de\/wp\/wp-content\/uploads\/2023\/06\/253B2C5D-BFB3-4E4C-B428-5AD7A57752C7-scaled.jpeg?resize=768%2C576&amp;ssl=1 768w, https:\/\/i0.wp.com\/grundschule-homberg.de\/wp\/wp-content\/uploads\/2023\/06\/253B2C5D-BFB3-4E4C-B428-5AD7A57752C7-scaled.jpeg?resize=1536%2C1152&amp;ssl=1 1536w, https:\/\/i0.wp.com\/grundschule-homberg.de\/wp\/wp-content\/uploads\/2023\/06\/253B2C5D-BFB3-4E4C-B428-5AD7A57752C7-scaled.jpeg?resize=2048%2C1536&amp;ssl=1 2048w, https:\/\/i0.wp.com\/grundschule-homberg.de\/wp\/wp-content\/uploads\/2023\/06\/253B2C5D-BFB3-4E4C-B428-5AD7A57752C7-scaled.jpeg?w=1208&amp;ssl=1 1208w, https:\/\/i0.wp.com\/grundschule-homberg.de\/wp\/wp-content\/uploads\/2023\/06\/253B2C5D-BFB3-4E4C-B428-5AD7A57752C7-scaled.jpeg?w=1812&amp;ssl=1 1812w\" sizes=\"auto, (max-width: 300px) 100vw, 300px\" \/><\/a><\/p>\n<p>Tats\u00e4chlich waren an diesem Mittwoch viele Kinder mit ihren Sporttrikots in die Schule gekommen. Stolz pr\u00e4sentierten sie sich gegenseitig ihre Mannschaften und berichteten von <strong>ihrem Verein<\/strong>.<\/p>\n<p>In der Pause gab es dann eine besondere \u00dcberraschung f\u00fcr die Schulkinder. Angef\u00fchrt von zwei Studierenden im Praktikum wurde die gro\u00dfen Pausen zur Tanzeinheit. <a href=\"https:\/\/i0.wp.com\/grundschule-homberg.de\/wp\/wp-content\/uploads\/2023\/06\/73BE707E-E482-4B2E-A7B7-292A11EF199D-scaled.jpeg?ssl=1\"><img data-recalc-dims=\"1\" loading=\"lazy\" decoding=\"async\" class=\"size-medium wp-image-224226 alignleft\" src=\"https:\/\/i0.wp.com\/grundschule-homberg.de\/wp\/wp-content\/uploads\/2023\/06\/73BE707E-E482-4B2E-A7B7-292A11EF199D.jpeg?resize=300%2C225&#038;ssl=1\" alt=\"\" width=\"300\" height=\"225\" srcset=\"https:\/\/i0.wp.com\/grundschule-homberg.de\/wp\/wp-content\/uploads\/2023\/06\/73BE707E-E482-4B2E-A7B7-292A11EF199D-scaled.jpeg?resize=300%2C225&amp;ssl=1 300w, https:\/\/i0.wp.com\/grundschule-homberg.de\/wp\/wp-content\/uploads\/2023\/06\/73BE707E-E482-4B2E-A7B7-292A11EF199D-scaled.jpeg?resize=1024%2C768&amp;ssl=1 1024w, https:\/\/i0.wp.com\/grundschule-homberg.de\/wp\/wp-content\/uploads\/2023\/06\/73BE707E-E482-4B2E-A7B7-292A11EF199D-scaled.jpeg?resize=150%2C113&amp;ssl=1 150w, https:\/\/i0.wp.com\/grundschule-homberg.de\/wp\/wp-content\/uploads\/2023\/06\/73BE707E-E482-4B2E-A7B7-292A11EF199D-scaled.jpeg?resize=768%2C576&amp;ssl=1 768w, https:\/\/i0.wp.com\/grundschule-homberg.de\/wp\/wp-content\/uploads\/2023\/06\/73BE707E-E482-4B2E-A7B7-292A11EF199D-scaled.jpeg?resize=1536%2C1152&amp;ssl=1 1536w, https:\/\/i0.wp.com\/grundschule-homberg.de\/wp\/wp-content\/uploads\/2023\/06\/73BE707E-E482-4B2E-A7B7-292A11EF199D-scaled.jpeg?resize=2048%2C1536&amp;ssl=1 2048w, https:\/\/i0.wp.com\/grundschule-homberg.de\/wp\/wp-content\/uploads\/2023\/06\/73BE707E-E482-4B2E-A7B7-292A11EF199D-scaled.jpeg?w=1208&amp;ssl=1 1208w, https:\/\/i0.wp.com\/grundschule-homberg.de\/wp\/wp-content\/uploads\/2023\/06\/73BE707E-E482-4B2E-A7B7-292A11EF199D-scaled.jpeg?w=1812&amp;ssl=1 1812w\" sizes=\"auto, (max-width: 300px) 100vw, 300px\" \/><\/a><a href=\"https:\/\/i0.wp.com\/grundschule-homberg.de\/wp\/wp-content\/uploads\/2023\/06\/E7D236C9-1802-4A89-AC7F-ECF8F0AA32CE-scaled.jpeg?ssl=1\">.<img data-recalc-dims=\"1\" loading=\"lazy\" decoding=\"async\" class=\" wp-image-224229 alignright\" src=\"https:\/\/i0.wp.com\/grundschule-homberg.de\/wp\/wp-content\/uploads\/2023\/06\/E7D236C9-1802-4A89-AC7F-ECF8F0AA32CE-300x225.jpeg?resize=280%2C210&#038;ssl=1\" alt=\"\" width=\"280\" height=\"210\" srcset=\"https:\/\/i0.wp.com\/grundschule-homberg.de\/wp\/wp-content\/uploads\/2023\/06\/E7D236C9-1802-4A89-AC7F-ECF8F0AA32CE-scaled.jpeg?resize=300%2C225&amp;ssl=1 300w, https:\/\/i0.wp.com\/grundschule-homberg.de\/wp\/wp-content\/uploads\/2023\/06\/E7D236C9-1802-4A89-AC7F-ECF8F0AA32CE-scaled.jpeg?resize=1024%2C768&amp;ssl=1 1024w, https:\/\/i0.wp.com\/grundschule-homberg.de\/wp\/wp-content\/uploads\/2023\/06\/E7D236C9-1802-4A89-AC7F-ECF8F0AA32CE-scaled.jpeg?resize=150%2C113&amp;ssl=1 150w, https:\/\/i0.wp.com\/grundschule-homberg.de\/wp\/wp-content\/uploads\/2023\/06\/E7D236C9-1802-4A89-AC7F-ECF8F0AA32CE-scaled.jpeg?resize=768%2C576&amp;ssl=1 768w, https:\/\/i0.wp.com\/grundschule-homberg.de\/wp\/wp-content\/uploads\/2023\/06\/E7D236C9-1802-4A89-AC7F-ECF8F0AA32CE-scaled.jpeg?resize=1536%2C1152&amp;ssl=1 1536w, https:\/\/i0.wp.com\/grundschule-homberg.de\/wp\/wp-content\/uploads\/2023\/06\/E7D236C9-1802-4A89-AC7F-ECF8F0AA32CE-scaled.jpeg?resize=2048%2C1536&amp;ssl=1 2048w, https:\/\/i0.wp.com\/grundschule-homberg.de\/wp\/wp-content\/uploads\/2023\/06\/E7D236C9-1802-4A89-AC7F-ECF8F0AA32CE-scaled.jpeg?w=1208&amp;ssl=1 1208w, https:\/\/i0.wp.com\/grundschule-homberg.de\/wp\/wp-content\/uploads\/2023\/06\/E7D236C9-1802-4A89-AC7F-ECF8F0AA32CE-scaled.jpeg?w=1812&amp;ssl=1 1812w\" sizes=\"auto, (max-width: 280px) 100vw, 280px\" \/><\/a> <a href=\"https:\/\/i0.wp.com\/grundschule-homberg.de\/wp\/wp-content\/uploads\/2023\/06\/E810FF73-FE7D-466D-B41E-34AFBE9BC99B-scaled.jpeg?ssl=1\"><img data-recalc-dims=\"1\" loading=\"lazy\" decoding=\"async\" class=\" wp-image-224230 alignleft\" src=\"https:\/\/i0.wp.com\/grundschule-homberg.de\/wp\/wp-content\/uploads\/2023\/06\/E810FF73-FE7D-466D-B41E-34AFBE9BC99B.jpeg?resize=280%2C210&#038;ssl=1\" alt=\"\" width=\"280\" height=\"210\" srcset=\"https:\/\/i0.wp.com\/grundschule-homberg.de\/wp\/wp-content\/uploads\/2023\/06\/E810FF73-FE7D-466D-B41E-34AFBE9BC99B-scaled.jpeg?resize=300%2C225&amp;ssl=1 300w, https:\/\/i0.wp.com\/grundschule-homberg.de\/wp\/wp-content\/uploads\/2023\/06\/E810FF73-FE7D-466D-B41E-34AFBE9BC99B-scaled.jpeg?resize=1024%2C768&amp;ssl=1 1024w, https:\/\/i0.wp.com\/grundschule-homberg.de\/wp\/wp-content\/uploads\/2023\/06\/E810FF73-FE7D-466D-B41E-34AFBE9BC99B-scaled.jpeg?resize=150%2C113&amp;ssl=1 150w, https:\/\/i0.wp.com\/grundschule-homberg.de\/wp\/wp-content\/uploads\/2023\/06\/E810FF73-FE7D-466D-B41E-34AFBE9BC99B-scaled.jpeg?resize=768%2C576&amp;ssl=1 768w, https:\/\/i0.wp.com\/grundschule-homberg.de\/wp\/wp-content\/uploads\/2023\/06\/E810FF73-FE7D-466D-B41E-34AFBE9BC99B-scaled.jpeg?resize=1536%2C1152&amp;ssl=1 1536w, https:\/\/i0.wp.com\/grundschule-homberg.de\/wp\/wp-content\/uploads\/2023\/06\/E810FF73-FE7D-466D-B41E-34AFBE9BC99B-scaled.jpeg?resize=2048%2C1536&amp;ssl=1 2048w, https:\/\/i0.wp.com\/grundschule-homberg.de\/wp\/wp-content\/uploads\/2023\/06\/E810FF73-FE7D-466D-B41E-34AFBE9BC99B-scaled.jpeg?w=1208&amp;ssl=1 1208w, https:\/\/i0.wp.com\/grundschule-homberg.de\/wp\/wp-content\/uploads\/2023\/06\/E810FF73-FE7D-466D-B41E-34AFBE9BC99B-scaled.jpeg?w=1812&amp;ssl=1 1812w\" sizes=\"auto, (max-width: 280px) 100vw, 280px\" \/><\/a> <a href=\"https:\/\/i0.wp.com\/grundschule-homberg.de\/wp\/wp-content\/uploads\/2023\/06\/F9DECED6-C24A-4F7A-B282-FE9395C539A3-scaled.jpeg?ssl=1\"><img data-recalc-dims=\"1\" loading=\"lazy\" decoding=\"async\" class=\"wp-image-224231 aligncenter\" src=\"https:\/\/i0.wp.com\/grundschule-homberg.de\/wp\/wp-content\/uploads\/2023\/06\/F9DECED6-C24A-4F7A-B282-FE9395C539A3.jpeg?resize=280%2C210&#038;ssl=1\" alt=\"\" width=\"280\" height=\"210\" srcset=\"https:\/\/i0.wp.com\/grundschule-homberg.de\/wp\/wp-content\/uploads\/2023\/06\/F9DECED6-C24A-4F7A-B282-FE9395C539A3-scaled.jpeg?resize=300%2C225&amp;ssl=1 300w, https:\/\/i0.wp.com\/grundschule-homberg.de\/wp\/wp-content\/uploads\/2023\/06\/F9DECED6-C24A-4F7A-B282-FE9395C539A3-scaled.jpeg?resize=1024%2C768&amp;ssl=1 1024w, https:\/\/i0.wp.com\/grundschule-homberg.de\/wp\/wp-content\/uploads\/2023\/06\/F9DECED6-C24A-4F7A-B282-FE9395C539A3-scaled.jpeg?resize=150%2C113&amp;ssl=1 150w, https:\/\/i0.wp.com\/grundschule-homberg.de\/wp\/wp-content\/uploads\/2023\/06\/F9DECED6-C24A-4F7A-B282-FE9395C539A3-scaled.jpeg?resize=768%2C576&amp;ssl=1 768w, https:\/\/i0.wp.com\/grundschule-homberg.de\/wp\/wp-content\/uploads\/2023\/06\/F9DECED6-C24A-4F7A-B282-FE9395C539A3-scaled.jpeg?resize=1536%2C1152&amp;ssl=1 1536w, https:\/\/i0.wp.com\/grundschule-homberg.de\/wp\/wp-content\/uploads\/2023\/06\/F9DECED6-C24A-4F7A-B282-FE9395C539A3-scaled.jpeg?resize=2048%2C1536&amp;ssl=1 2048w, https:\/\/i0.wp.com\/grundschule-homberg.de\/wp\/wp-content\/uploads\/2023\/06\/F9DECED6-C24A-4F7A-B282-FE9395C539A3-scaled.jpeg?w=1208&amp;ssl=1 1208w, https:\/\/i0.wp.com\/grundschule-homberg.de\/wp\/wp-content\/uploads\/2023\/06\/F9DECED6-C24A-4F7A-B282-FE9395C539A3-scaled.jpeg?w=1812&amp;ssl=1 1812w\" sizes=\"auto, (max-width: 280px) 100vw, 280px\" \/><\/a>Mit einer kleinen Choreographie und lauter Musik wurden die Schulkinder schnell zum Mittanzen angeregt. Das brachte gro\u00dfen Spa\u00df und sorgte f\u00fcr viel Bewegung. Am Ende der Pause \u00fcberh\u00f6rten die Kinder den Schulgong und h\u00e4tten die Hofpause gerne noch viel l\u00e4nger ausgedehnt.&nbsp;<\/p>\n","protected":false},"excerpt":{"rendered":"<p>Den 14.Juni 2023 hatte der Landessportbund zum Trikottag erkl\u00e4rt. An diesem Tag sollten die \u00f6rtlichen Sportvereine im Vordergrund. Die Schulkinder aber auch alle anderen erwachsenen Menschen waren aufgerufen, ihr Sporttrikot oder Vereinsshirt den gesamten Arbeitstag \u00fcber zu tragen. Damit sollte auf die vielf\u00e4ltigen Angebote und das ehrenamtliche Engagement der Vereine aufmerksam gemacht werden und gleichzeitig &hellip; <a href=\"https:\/\/grundschule-homberg.de\/wp\/?p=224224\" class=\"more-link\"><span class=\"screen-reader-text\">Trikottag an der Grundschule<\/span> weiterlesen <span class=\"meta-nav\">&rarr;<\/span><\/a><\/p>\n","protected":false},"author":2,"featured_media":224228,"comment_status":"closed","ping_status":"closed","sticky":false,"template":"","format":"standard","meta":{"ngg_post_thumbnail":0,"_jetpack_memberships_contains_paid_content":false,"footnotes":""},"categories":[1],"tags":[],"class_list":["post-224224","post","type-post","status-publish","format-standard","has-post-thumbnail","hentry","category-allgemein"],"jetpack_featured_media_url":"https:\/\/i0.wp.com\/grundschule-homberg.de\/wp\/wp-content\/uploads\/2023\/06\/597FB0B1-28A8-4B45-854D-1A8E17E6C215-scaled.jpeg?fit=2560%2C1920&ssl=1","jetpack_shortlink":"https:\/\/wp.me\/p3XuEZ-Wkw","jetpack-related-posts":[],"jetpack_sharing_enabled":true,"_links":{"self":[{"href":"https:\/\/grundschule-homberg.de\/wp\/index.php?rest_route=\/wp\/v2\/posts\/224224","targetHints":{"allow":["GET"]}}],"collection":[{"href":"https:\/\/grundschule-homberg.de\/wp\/index.php?rest_route=\/wp\/v2\/posts"}],"about":[{"href":"https:\/\/grundschule-homberg.de\/wp\/index.php?rest_route=\/wp\/v2\/types\/post"}],"author":[{"embeddable":true,"href":"https:\/\/grundschule-homberg.de\/wp\/index.php?rest_route=\/wp\/v2\/users\/2"}],"replies":[{"embeddable":true,"href":"https:\/\/grundschule-homberg.de\/wp\/index.php?rest_route=%2Fwp%2Fv2%2Fcomments&post=224224"}],"version-history":[{"count":3,"href":"https:\/\/grundschule-homberg.de\/wp\/index.php?rest_route=\/wp\/v2\/posts\/224224\/revisions"}],"predecessor-version":[{"id":224234,"href":"https:\/\/grundschule-homberg.de\/wp\/index.php?rest_route=\/wp\/v2\/posts\/224224\/revisions\/224234"}],"wp:featuredmedia":[{"embeddable":true,"href":"https:\/\/grundschule-homberg.de\/wp\/index.php?rest_route=\/wp\/v2\/media\/224228"}],"wp:attachment":[{"href":"https:\/\/grundschule-homberg.de\/wp\/index.php?rest_route=%2Fwp%2Fv2%2Fmedia&parent=224224"}],"wp:term":[{"taxonomy":"category","embeddable":true,"href":"https:\/\/grundschule-homberg.de\/wp\/index.php?rest_route=%2Fwp%2Fv2%2Fcategories&post=224224"},{"taxonomy":"post_tag","embeddable":true,"href":"https:\/\/grundschule-homberg.de\/wp\/index.php?rest_route=%2Fwp%2Fv2%2Ftags&post=224224"}],"curies":[{"name":"wp","href":"https:\/\/api.w.org\/{rel}","templated":true}]}}