{"id":224251,"date":"2023-06-28T15:36:16","date_gmt":"2023-06-28T13:36:16","guid":{"rendered":"https:\/\/grundschule-homberg.de\/wp\/?p=224251"},"modified":"2023-06-28T15:36:16","modified_gmt":"2023-06-28T13:36:16","slug":"schulfest-2023-50-jahre-grundschule-homberg","status":"publish","type":"post","link":"https:\/\/grundschule-homberg.de\/wp\/?p=224251","title":{"rendered":"Schulfest 2023 &#8211; 50 Jahre Grundschule Homberg"},"content":{"rendered":"<p><strong>&nbsp;<\/strong><strong>Herzliche Einladung zum Schulfest <\/strong><strong>am 14.7.2023 ab 13.30 Uhr<\/strong><\/p>\n<p>In diesem Jahr wird unsere Grundschule 50 Jahre alt. Auch unsere Betreuung besteht seit genau 10 Jahren.<a href=\"https:\/\/i0.wp.com\/grundschule-homberg.de\/wp\/wp-content\/uploads\/2023\/06\/Bild1.png?ssl=1\"><img data-recalc-dims=\"1\" loading=\"lazy\" decoding=\"async\" class=\"alignright  wp-image-224253\" src=\"https:\/\/i0.wp.com\/grundschule-homberg.de\/wp\/wp-content\/uploads\/2023\/06\/Bild1.png?resize=359%2C202&#038;ssl=1\" alt=\"\" width=\"359\" height=\"202\" srcset=\"https:\/\/i0.wp.com\/grundschule-homberg.de\/wp\/wp-content\/uploads\/2023\/06\/Bild1.png?resize=300%2C169&amp;ssl=1 300w, https:\/\/i0.wp.com\/grundschule-homberg.de\/wp\/wp-content\/uploads\/2023\/06\/Bild1.png?resize=150%2C84&amp;ssl=1 150w, https:\/\/i0.wp.com\/grundschule-homberg.de\/wp\/wp-content\/uploads\/2023\/06\/Bild1.png?w=605&amp;ssl=1 605w\" sizes=\"auto, (max-width: 359px) 100vw, 359px\" \/><\/a><\/p>\n<p>Diese runden Geburtstage m\u00fcssen nat\u00fcrlich gefeiert werden!<\/p>\n<p>Deshalb veranstalten wir vom 10. \u2013 14.7.2023 eine Festwoche mit abschlie\u00dfendem Schulfest am Freitag.<\/p>\n<p>Unter dem Motto \u201eFit f\u00fcr die Zukunft\u201c befassen wir uns die gesamte Woche \u00fcber mit den Themen Nachhaltigkeit, Umweltschutz und gesundes Leben.<\/p>\n<p>Am <strong>Freitag <\/strong>sind alle, die sich mit der Schule verbunden f\u00fchlen, eingeladen <strong>ab 13.30<\/strong> Uhr die Geburtstage zu feiern. Wir beginnen mit einer kleinen Er\u00f6ffnung auf dem Schulhof. Danach sind alle R\u00e4ume der Schule und der Betreuung ge\u00f6ffnet. Es werden die Ergebnisse unserer Projektwoche ausgestellt und Spiele und Mitmachaktionen angeboten. Au\u00dferdem zeigen wir verschiedene Auff\u00fchrungen auf unserer Aulab\u00fchne. &nbsp;F\u00fcr Kaffee und Kuchen, sowie W\u00fcrstchen und Getr\u00e4nke ist bestens gesorgt.<\/p>\n<p>Wir freuen uns auf Ihren Besuch!<\/p>\n<p>Die Kinder, das Kollegium und das Betreuungsteam der Grundschule Homberg<\/p>\n<p><em>Bitte bringen Sie Ihr Geschirr selbst mit &#8211; das spart M\u00fcll!<\/em><\/p>\n<p><strong>&nbsp;<\/strong><\/p>\n","protected":false},"excerpt":{"rendered":"<p>&nbsp;Herzliche Einladung zum Schulfest am 14.7.2023 ab 13.30 Uhr In diesem Jahr wird unsere Grundschule 50 Jahre alt. Auch unsere Betreuung besteht seit genau 10 Jahren. Diese runden Geburtstage m\u00fcssen nat\u00fcrlich gefeiert werden! Deshalb veranstalten wir vom 10. \u2013 14.7.2023 eine Festwoche mit abschlie\u00dfendem Schulfest am Freitag. Unter dem Motto \u201eFit f\u00fcr die Zukunft\u201c befassen &hellip; <a href=\"https:\/\/grundschule-homberg.de\/wp\/?p=224251\" class=\"more-link\"><span class=\"screen-reader-text\">Schulfest 2023 &#8211; 50 Jahre Grundschule Homberg<\/span> weiterlesen <span class=\"meta-nav\">&rarr;<\/span><\/a><\/p>\n","protected":false},"author":2,"featured_media":224087,"comment_status":"closed","ping_status":"closed","sticky":false,"template":"","format":"standard","meta":{"ngg_post_thumbnail":0,"_jetpack_memberships_contains_paid_content":false,"footnotes":""},"categories":[1],"tags":[],"class_list":["post-224251","post","type-post","status-publish","format-standard","has-post-thumbnail","hentry","category-allgemein"],"jetpack_featured_media_url":"https:\/\/i0.wp.com\/grundschule-homberg.de\/wp\/wp-content\/uploads\/2020\/10\/cropped-GruSchu-Icon.jpg?fit=512%2C512&ssl=1","jetpack_shortlink":"https:\/\/wp.me\/p3XuEZ-WkX","jetpack-related-posts":[],"jetpack_sharing_enabled":true,"_links":{"self":[{"href":"https:\/\/grundschule-homberg.de\/wp\/index.php?rest_route=\/wp\/v2\/posts\/224251","targetHints":{"allow":["GET"]}}],"collection":[{"href":"https:\/\/grundschule-homberg.de\/wp\/index.php?rest_route=\/wp\/v2\/posts"}],"about":[{"href":"https:\/\/grundschule-homberg.de\/wp\/index.php?rest_route=\/wp\/v2\/types\/post"}],"author":[{"embeddable":true,"href":"https:\/\/grundschule-homberg.de\/wp\/index.php?rest_route=\/wp\/v2\/users\/2"}],"replies":[{"embeddable":true,"href":"https:\/\/grundschule-homberg.de\/wp\/index.php?rest_route=%2Fwp%2Fv2%2Fcomments&post=224251"}],"version-history":[{"count":1,"href":"https:\/\/grundschule-homberg.de\/wp\/index.php?rest_route=\/wp\/v2\/posts\/224251\/revisions"}],"predecessor-version":[{"id":224254,"href":"https:\/\/grundschule-homberg.de\/wp\/index.php?rest_route=\/wp\/v2\/posts\/224251\/revisions\/224254"}],"wp:featuredmedia":[{"embeddable":true,"href":"https:\/\/grundschule-homberg.de\/wp\/index.php?rest_route=\/wp\/v2\/media\/224087"}],"wp:attachment":[{"href":"https:\/\/grundschule-homberg.de\/wp\/index.php?rest_route=%2Fwp%2Fv2%2Fmedia&parent=224251"}],"wp:term":[{"taxonomy":"category","embeddable":true,"href":"https:\/\/grundschule-homberg.de\/wp\/index.php?rest_route=%2Fwp%2Fv2%2Fcategories&post=224251"},{"taxonomy":"post_tag","embeddable":true,"href":"https:\/\/grundschule-homberg.de\/wp\/index.php?rest_route=%2Fwp%2Fv2%2Ftags&post=224251"}],"curies":[{"name":"wp","href":"https:\/\/api.w.org\/{rel}","templated":true}]}}