{"id":224285,"date":"2023-07-11T12:40:27","date_gmt":"2023-07-11T10:40:27","guid":{"rendered":"https:\/\/grundschule-homberg.de\/wp\/?p=224285"},"modified":"2023-07-11T12:40:27","modified_gmt":"2023-07-11T10:40:27","slug":"antolin-wettbewerb-treffen-in-lauterbach-am-5-juli-2023","status":"publish","type":"post","link":"https:\/\/grundschule-homberg.de\/wp\/?p=224285","title":{"rendered":"Antolin-Wettbewerb \u2013 Treffen in Lauterbach am 5. Juli 2023"},"content":{"rendered":"<p>Am 5. Juli 2023 war f\u00fcr die klassenbesten Sch\u00fcler*innen des Leseprogramms Antolin aus unserer Schule ein ganz besonderer Tag. Das MAUS-Medienzentrum Lauterbach hatte unter der Leitung von Peter Wei\u00dfm\u00fcller bereits zum neunten Mal zum Vogelsberger Antolin-Wettbewerb aufgerufen.<\/p>\n<p><a href=\"https:\/\/i0.wp.com\/grundschule-homberg.de\/wp\/wp-content\/uploads\/2023\/07\/IMG_2221-Kopie.jpeg?ssl=1\"><img data-recalc-dims=\"1\" loading=\"lazy\" decoding=\"async\" class=\"alignright size-medium wp-image-224276\" src=\"https:\/\/i0.wp.com\/grundschule-homberg.de\/wp\/wp-content\/uploads\/2023\/07\/IMG_2221-Kopie.jpeg?resize=300%2C225&#038;ssl=1\" alt=\"\" width=\"300\" height=\"225\" srcset=\"https:\/\/i0.wp.com\/grundschule-homberg.de\/wp\/wp-content\/uploads\/2023\/07\/IMG_2221-Kopie.jpeg?resize=300%2C225&amp;ssl=1 300w, https:\/\/i0.wp.com\/grundschule-homberg.de\/wp\/wp-content\/uploads\/2023\/07\/IMG_2221-Kopie.jpeg?resize=150%2C113&amp;ssl=1 150w, https:\/\/i0.wp.com\/grundschule-homberg.de\/wp\/wp-content\/uploads\/2023\/07\/IMG_2221-Kopie.jpeg?w=640&amp;ssl=1 640w\" sizes=\"auto, (max-width: 300px) 100vw, 300px\" \/><\/a><\/p>\n<p>Aus 22 Teilnehmerschulen nahmen 150 Klassen teil und schickten jeweils ihre besten zwei Sch\u00fcler*innen aller Klassen ins Rennen. Insgesamt wurden 322 Siegerkinder im Vogelsbergkreis ermittelt.<\/p>\n<p>F\u00fcr uns begann der Tag mit einer einst\u00fcndigen Busfahrt. Neben der Sieger-Auswahl der Grundsch\u00fcler*innen Homberg begleiteten uns Kinder aus Nieder Gem\u00fcnden und aus Alsfeld.<\/p>\n<p>Gegen 10.00 Uhr startete das unterhaltsame Programm in der Turnhalle der Eichberg-Schule in Lauterbach. Herr Wei\u00dfm\u00fcller stellte zu Beginn den Schriftsteller Bj\u00f6rn Berenz vor. Dieser ist Autor bekannter Kinderb\u00fccher, schreibt aber auch Krimis und Liebesromane. Bj\u00f6rn Berenz hatte seine neuesten Kinderb\u00fccher dabei; eines mit dem Titel \u201eAkte `Ahh\u00b4 \u2013 Nachbarn des Grauens\u201c. Bevor er f\u00fcr das junge Publikum aus diesem Buch vorlas, erz\u00e4hlte er sehr anschaulich, warum er an Au\u00dferirdische in fernen Galaxien glaubt. Und davon handelte schlie\u00dflich auch der pr\u00e4sentierte Kinderroman: \u201eKimmi\u201c, ein elfj\u00e4hriger Junge, wird beim M\u00fcllwegtragen von Au\u00dferirdischen \u00fcberrascht und versucht mit seinem Opa das Mysterium aus dem All aufzukl\u00e4ren.<\/p>\n<p><a href=\"https:\/\/i0.wp.com\/grundschule-homberg.de\/wp\/wp-content\/uploads\/2023\/07\/IMG_2238-Kopie-rotated.jpeg?ssl=1\"><img data-recalc-dims=\"1\" loading=\"lazy\" decoding=\"async\" class=\"size-medium wp-image-224277 alignleft\" src=\"https:\/\/i0.wp.com\/grundschule-homberg.de\/wp\/wp-content\/uploads\/2023\/07\/IMG_2238-Kopie.jpeg?resize=225%2C300&#038;ssl=1\" alt=\"\" width=\"225\" height=\"300\" srcset=\"https:\/\/i0.wp.com\/grundschule-homberg.de\/wp\/wp-content\/uploads\/2023\/07\/IMG_2238-Kopie-rotated.jpeg?resize=225%2C300&amp;ssl=1 225w, https:\/\/i0.wp.com\/grundschule-homberg.de\/wp\/wp-content\/uploads\/2023\/07\/IMG_2238-Kopie-rotated.jpeg?resize=113%2C150&amp;ssl=1 113w, https:\/\/i0.wp.com\/grundschule-homberg.de\/wp\/wp-content\/uploads\/2023\/07\/IMG_2238-Kopie-rotated.jpeg?w=480&amp;ssl=1 480w\" sizes=\"auto, (max-width: 225px) 100vw, 225px\" \/><\/a><\/p>\n<p><a href=\"https:\/\/i0.wp.com\/grundschule-homberg.de\/wp\/wp-content\/uploads\/2023\/07\/IMG_2249-Kopie-rotated.jpeg?ssl=1\"><img data-recalc-dims=\"1\" loading=\"lazy\" decoding=\"async\" class=\"alignright size-medium wp-image-224278\" src=\"https:\/\/i0.wp.com\/grundschule-homberg.de\/wp\/wp-content\/uploads\/2023\/07\/IMG_2249-Kopie.jpeg?resize=225%2C300&#038;ssl=1\" alt=\"\" width=\"225\" height=\"300\" srcset=\"https:\/\/i0.wp.com\/grundschule-homberg.de\/wp\/wp-content\/uploads\/2023\/07\/IMG_2249-Kopie-rotated.jpeg?resize=225%2C300&amp;ssl=1 225w, https:\/\/i0.wp.com\/grundschule-homberg.de\/wp\/wp-content\/uploads\/2023\/07\/IMG_2249-Kopie-rotated.jpeg?resize=113%2C150&amp;ssl=1 113w, https:\/\/i0.wp.com\/grundschule-homberg.de\/wp\/wp-content\/uploads\/2023\/07\/IMG_2249-Kopie-rotated.jpeg?w=480&amp;ssl=1 480w\" sizes=\"auto, (max-width: 225px) 100vw, 225px\" \/><\/a>Nach der Lesung, die von den Jungen und M\u00e4dchen mit Begeisterung aufgenommen wurde, schloss sich eine kurze Pause an. F\u00fcr jedes Schulkind und die Lehrkr\u00e4fte gab es ein Getr\u00e4nk und eine K\u00e4se- oder Kartoffelstange. In dieser Zeit konnten Interessierte auch von Bj\u00f6rn Berenz signierte B\u00fccher kaufen.<\/p>\n<p>Daran anschlie\u00dfend kam es zum wichtigsten Teil des Antolin-Treffens. Aus den anwesenden Schulen waren bereits im Vorfeld die Sieger der jeweiligen Jahrgangsstufen vom Maus-Medienzentrum ermittelt worden. Herr Berthold Habermehl (Amt f\u00fcr schulische Bildung und Betreuung des Vogelsbergkreises) verlas die Gewinner beginnend mit der Jahrgangsstufe 1 und \u00fcbergab den Gewinner*innen eine Urkunde und einen B\u00fcchergutschein.<\/p>\n<p><a href=\"https:\/\/i0.wp.com\/grundschule-homberg.de\/wp\/wp-content\/uploads\/2023\/07\/IMG_2253.jpeg?ssl=1\"><img data-recalc-dims=\"1\" loading=\"lazy\" decoding=\"async\" class=\"alignright size-medium wp-image-224279\" src=\"https:\/\/i0.wp.com\/grundschule-homberg.de\/wp\/wp-content\/uploads\/2023\/07\/IMG_2253.jpeg?resize=300%2C225&#038;ssl=1\" alt=\"\" width=\"300\" height=\"225\" srcset=\"https:\/\/i0.wp.com\/grundschule-homberg.de\/wp\/wp-content\/uploads\/2023\/07\/IMG_2253.jpeg?resize=300%2C225&amp;ssl=1 300w, https:\/\/i0.wp.com\/grundschule-homberg.de\/wp\/wp-content\/uploads\/2023\/07\/IMG_2253.jpeg?resize=150%2C113&amp;ssl=1 150w, https:\/\/i0.wp.com\/grundschule-homberg.de\/wp\/wp-content\/uploads\/2023\/07\/IMG_2253.jpeg?w=640&amp;ssl=1 640w\" sizes=\"auto, (max-width: 300px) 100vw, 300px\" \/><\/a><\/p>\n<p>F\u00fcr die Homberger Grundsch\u00fcler*innen blieb an diesem Schultag besonders die Autorenlesung in Erinnerung. Gerne tauschten sie sich auf der Heimfahrt im Bus \u00fcber Kimmi, den Helden der Geschichte, aus,&nbsp; \u00fcber seine Selbstverteidigungswerkzeuge wie Klopapiershooter und Schallkanone, die der Autor Bj\u00f6rn Berenz auf unterhaltsame Weise in Aktion vorgestellt hatte.<\/p>\n<p><a href=\"https:\/\/i0.wp.com\/grundschule-homberg.de\/wp\/wp-content\/uploads\/2023\/07\/IMG_2275.jpeg?ssl=1\"><img data-recalc-dims=\"1\" loading=\"lazy\" decoding=\"async\" class=\"size-medium wp-image-224280 alignleft\" src=\"https:\/\/i0.wp.com\/grundschule-homberg.de\/wp\/wp-content\/uploads\/2023\/07\/IMG_2275.jpeg?resize=300%2C225&#038;ssl=1\" alt=\"\" width=\"300\" height=\"225\" srcset=\"https:\/\/i0.wp.com\/grundschule-homberg.de\/wp\/wp-content\/uploads\/2023\/07\/IMG_2275.jpeg?resize=300%2C225&amp;ssl=1 300w, https:\/\/i0.wp.com\/grundschule-homberg.de\/wp\/wp-content\/uploads\/2023\/07\/IMG_2275.jpeg?resize=150%2C113&amp;ssl=1 150w, https:\/\/i0.wp.com\/grundschule-homberg.de\/wp\/wp-content\/uploads\/2023\/07\/IMG_2275.jpeg?w=640&amp;ssl=1 640w\" sizes=\"auto, (max-width: 300px) 100vw, 300px\" \/><\/a><\/p>\n<p>Alles in allem war dies ein sehr bereichernder und sch\u00f6ner Schultag \u2013 dar\u00fcber sind sich am Ende die Teilnehmer*innen einig und freuen sich auf das 10j\u00e4hrige Antolin-Jubil\u00e4um im n\u00e4chsten Sommer.<\/p>\n","protected":false},"excerpt":{"rendered":"<p>Am 5. Juli 2023 war f\u00fcr die klassenbesten Sch\u00fcler*innen des Leseprogramms Antolin aus unserer Schule ein ganz besonderer Tag. Das MAUS-Medienzentrum Lauterbach hatte unter der Leitung von Peter Wei\u00dfm\u00fcller bereits zum neunten Mal zum Vogelsberger Antolin-Wettbewerb aufgerufen. Aus 22 Teilnehmerschulen nahmen 150 Klassen teil und schickten jeweils ihre besten zwei Sch\u00fcler*innen aller Klassen ins Rennen. &hellip; <a href=\"https:\/\/grundschule-homberg.de\/wp\/?p=224285\" class=\"more-link\"><span class=\"screen-reader-text\">Antolin-Wettbewerb \u2013 Treffen in Lauterbach am 5. Juli 2023<\/span> weiterlesen <span class=\"meta-nav\">&rarr;<\/span><\/a><\/p>\n","protected":false},"author":2,"featured_media":224280,"comment_status":"closed","ping_status":"closed","sticky":false,"template":"","format":"standard","meta":{"ngg_post_thumbnail":0,"_jetpack_memberships_contains_paid_content":false,"footnotes":""},"categories":[1],"tags":[],"class_list":["post-224285","post","type-post","status-publish","format-standard","has-post-thumbnail","hentry","category-allgemein"],"jetpack_featured_media_url":"https:\/\/i0.wp.com\/grundschule-homberg.de\/wp\/wp-content\/uploads\/2023\/07\/IMG_2275.jpeg?fit=640%2C480&ssl=1","jetpack_shortlink":"https:\/\/wp.me\/p3XuEZ-Wlv","jetpack-related-posts":[],"jetpack_sharing_enabled":true,"_links":{"self":[{"href":"https:\/\/grundschule-homberg.de\/wp\/index.php?rest_route=\/wp\/v2\/posts\/224285","targetHints":{"allow":["GET"]}}],"collection":[{"href":"https:\/\/grundschule-homberg.de\/wp\/index.php?rest_route=\/wp\/v2\/posts"}],"about":[{"href":"https:\/\/grundschule-homberg.de\/wp\/index.php?rest_route=\/wp\/v2\/types\/post"}],"author":[{"embeddable":true,"href":"https:\/\/grundschule-homberg.de\/wp\/index.php?rest_route=\/wp\/v2\/users\/2"}],"replies":[{"embeddable":true,"href":"https:\/\/grundschule-homberg.de\/wp\/index.php?rest_route=%2Fwp%2Fv2%2Fcomments&post=224285"}],"version-history":[{"count":1,"href":"https:\/\/grundschule-homberg.de\/wp\/index.php?rest_route=\/wp\/v2\/posts\/224285\/revisions"}],"predecessor-version":[{"id":224286,"href":"https:\/\/grundschule-homberg.de\/wp\/index.php?rest_route=\/wp\/v2\/posts\/224285\/revisions\/224286"}],"wp:featuredmedia":[{"embeddable":true,"href":"https:\/\/grundschule-homberg.de\/wp\/index.php?rest_route=\/wp\/v2\/media\/224280"}],"wp:attachment":[{"href":"https:\/\/grundschule-homberg.de\/wp\/index.php?rest_route=%2Fwp%2Fv2%2Fmedia&parent=224285"}],"wp:term":[{"taxonomy":"category","embeddable":true,"href":"https:\/\/grundschule-homberg.de\/wp\/index.php?rest_route=%2Fwp%2Fv2%2Fcategories&post=224285"},{"taxonomy":"post_tag","embeddable":true,"href":"https:\/\/grundschule-homberg.de\/wp\/index.php?rest_route=%2Fwp%2Fv2%2Ftags&post=224285"}],"curies":[{"name":"wp","href":"https:\/\/api.w.org\/{rel}","templated":true}]}}