{"id":224345,"date":"2023-07-19T21:44:45","date_gmt":"2023-07-19T19:44:45","guid":{"rendered":"https:\/\/grundschule-homberg.de\/wp\/?p=224345"},"modified":"2023-07-19T21:46:56","modified_gmt":"2023-07-19T19:46:56","slug":"urkundenuebergabe-und-staffellauf","status":"publish","type":"post","link":"https:\/\/grundschule-homberg.de\/wp\/?p=224345","title":{"rendered":"Urkunden\u00fcbergabe und Staffellauf"},"content":{"rendered":"<p>Am Mittwoch, den 19.7.2023 gab es einen weitern H\u00f6hepunkt im Schuljahr. Die Klassenstaffell\u00e4ufe standen auf dem Programm. Jeweils sechs Jungen und sechs M\u00e4dchen aus den Klassen liefen jahrgangsweise gegeneinander und rangen um die Pl\u00e4tze.<\/p>\n<p><a href=\"https:\/\/i0.wp.com\/grundschule-homberg.de\/wp\/wp-content\/uploads\/2023\/07\/25BD8190-C964-4263-A79F-C492D5FDF951-scaled.jpeg?ssl=1\"><img data-recalc-dims=\"1\" loading=\"lazy\" decoding=\"async\" class=\"size-medium wp-image-224351 alignright\" src=\"https:\/\/i0.wp.com\/grundschule-homberg.de\/wp\/wp-content\/uploads\/2023\/07\/25BD8190-C964-4263-A79F-C492D5FDF951.jpeg?resize=225%2C300&#038;ssl=1\" alt=\"\" width=\"225\" height=\"300\" srcset=\"https:\/\/i0.wp.com\/grundschule-homberg.de\/wp\/wp-content\/uploads\/2023\/07\/25BD8190-C964-4263-A79F-C492D5FDF951-scaled.jpeg?resize=225%2C300&amp;ssl=1 225w, https:\/\/i0.wp.com\/grundschule-homberg.de\/wp\/wp-content\/uploads\/2023\/07\/25BD8190-C964-4263-A79F-C492D5FDF951-scaled.jpeg?resize=768%2C1024&amp;ssl=1 768w, https:\/\/i0.wp.com\/grundschule-homberg.de\/wp\/wp-content\/uploads\/2023\/07\/25BD8190-C964-4263-A79F-C492D5FDF951-scaled.jpeg?resize=113%2C150&amp;ssl=1 113w, https:\/\/i0.wp.com\/grundschule-homberg.de\/wp\/wp-content\/uploads\/2023\/07\/25BD8190-C964-4263-A79F-C492D5FDF951-scaled.jpeg?resize=1152%2C1536&amp;ssl=1 1152w, https:\/\/i0.wp.com\/grundschule-homberg.de\/wp\/wp-content\/uploads\/2023\/07\/25BD8190-C964-4263-A79F-C492D5FDF951-scaled.jpeg?resize=1536%2C2048&amp;ssl=1 1536w, https:\/\/i0.wp.com\/grundschule-homberg.de\/wp\/wp-content\/uploads\/2023\/07\/25BD8190-C964-4263-A79F-C492D5FDF951-scaled.jpeg?w=1920&amp;ssl=1 1920w, https:\/\/i0.wp.com\/grundschule-homberg.de\/wp\/wp-content\/uploads\/2023\/07\/25BD8190-C964-4263-A79F-C492D5FDF951-scaled.jpeg?w=1208&amp;ssl=1 1208w, https:\/\/i0.wp.com\/grundschule-homberg.de\/wp\/wp-content\/uploads\/2023\/07\/25BD8190-C964-4263-A79F-C492D5FDF951-scaled.jpeg?w=1812&amp;ssl=1 1812w\" sizes=\"auto, (max-width: 225px) 100vw, 225px\" \/><\/a><a href=\"https:\/\/i0.wp.com\/grundschule-homberg.de\/wp\/wp-content\/uploads\/2023\/07\/3BD7FFC2-9E6C-4909-8C2E-06178D0997C2-scaled.jpeg?ssl=1\"><img data-recalc-dims=\"1\" loading=\"lazy\" decoding=\"async\" class=\"size-medium wp-image-224349 alignleft\" src=\"https:\/\/i0.wp.com\/grundschule-homberg.de\/wp\/wp-content\/uploads\/2023\/07\/3BD7FFC2-9E6C-4909-8C2E-06178D0997C2.jpeg?resize=300%2C225&#038;ssl=1\" alt=\"\" width=\"300\" height=\"225\" srcset=\"https:\/\/i0.wp.com\/grundschule-homberg.de\/wp\/wp-content\/uploads\/2023\/07\/3BD7FFC2-9E6C-4909-8C2E-06178D0997C2-scaled.jpeg?resize=300%2C225&amp;ssl=1 300w, https:\/\/i0.wp.com\/grundschule-homberg.de\/wp\/wp-content\/uploads\/2023\/07\/3BD7FFC2-9E6C-4909-8C2E-06178D0997C2-scaled.jpeg?resize=1024%2C768&amp;ssl=1 1024w, https:\/\/i0.wp.com\/grundschule-homberg.de\/wp\/wp-content\/uploads\/2023\/07\/3BD7FFC2-9E6C-4909-8C2E-06178D0997C2-scaled.jpeg?resize=150%2C113&amp;ssl=1 150w, https:\/\/i0.wp.com\/grundschule-homberg.de\/wp\/wp-content\/uploads\/2023\/07\/3BD7FFC2-9E6C-4909-8C2E-06178D0997C2-scaled.jpeg?resize=768%2C576&amp;ssl=1 768w, https:\/\/i0.wp.com\/grundschule-homberg.de\/wp\/wp-content\/uploads\/2023\/07\/3BD7FFC2-9E6C-4909-8C2E-06178D0997C2-scaled.jpeg?resize=1536%2C1152&amp;ssl=1 1536w, https:\/\/i0.wp.com\/grundschule-homberg.de\/wp\/wp-content\/uploads\/2023\/07\/3BD7FFC2-9E6C-4909-8C2E-06178D0997C2-scaled.jpeg?resize=2048%2C1536&amp;ssl=1 2048w, https:\/\/i0.wp.com\/grundschule-homberg.de\/wp\/wp-content\/uploads\/2023\/07\/3BD7FFC2-9E6C-4909-8C2E-06178D0997C2-scaled.jpeg?w=1208&amp;ssl=1 1208w, https:\/\/i0.wp.com\/grundschule-homberg.de\/wp\/wp-content\/uploads\/2023\/07\/3BD7FFC2-9E6C-4909-8C2E-06178D0997C2-scaled.jpeg?w=1812&amp;ssl=1 1812w\" sizes=\"auto, (max-width: 300px) 100vw, 300px\" \/><\/a><\/p>\n<p>&nbsp;<\/p>\n<p>&nbsp;<\/p>\n<p>&nbsp;<\/p>\n<p>&nbsp;<\/p>\n<p>&nbsp;<\/p>\n<p>Nach den spannenden Rennen wurden die Urkunden an KlassensprecherInnen \u00fcbergeben.&nbsp;<\/p>\n<p><a href=\"https:\/\/i0.wp.com\/grundschule-homberg.de\/wp\/wp-content\/uploads\/2023\/07\/E94664D8-8D6F-45F4-BE50-3C5B7CF4198E-scaled.jpeg?ssl=1\"><img data-recalc-dims=\"1\" loading=\"lazy\" decoding=\"async\" class=\" wp-image-224357 alignleft\" src=\"https:\/\/i0.wp.com\/grundschule-homberg.de\/wp\/wp-content\/uploads\/2023\/07\/E94664D8-8D6F-45F4-BE50-3C5B7CF4198E.jpeg?resize=279%2C209&#038;ssl=1\" alt=\"\" width=\"279\" height=\"209\" srcset=\"https:\/\/i0.wp.com\/grundschule-homberg.de\/wp\/wp-content\/uploads\/2023\/07\/E94664D8-8D6F-45F4-BE50-3C5B7CF4198E-scaled.jpeg?resize=300%2C225&amp;ssl=1 300w, https:\/\/i0.wp.com\/grundschule-homberg.de\/wp\/wp-content\/uploads\/2023\/07\/E94664D8-8D6F-45F4-BE50-3C5B7CF4198E-scaled.jpeg?resize=1024%2C768&amp;ssl=1 1024w, https:\/\/i0.wp.com\/grundschule-homberg.de\/wp\/wp-content\/uploads\/2023\/07\/E94664D8-8D6F-45F4-BE50-3C5B7CF4198E-scaled.jpeg?resize=150%2C113&amp;ssl=1 150w, https:\/\/i0.wp.com\/grundschule-homberg.de\/wp\/wp-content\/uploads\/2023\/07\/E94664D8-8D6F-45F4-BE50-3C5B7CF4198E-scaled.jpeg?resize=768%2C576&amp;ssl=1 768w, https:\/\/i0.wp.com\/grundschule-homberg.de\/wp\/wp-content\/uploads\/2023\/07\/E94664D8-8D6F-45F4-BE50-3C5B7CF4198E-scaled.jpeg?resize=1536%2C1152&amp;ssl=1 1536w, https:\/\/i0.wp.com\/grundschule-homberg.de\/wp\/wp-content\/uploads\/2023\/07\/E94664D8-8D6F-45F4-BE50-3C5B7CF4198E-scaled.jpeg?resize=2048%2C1536&amp;ssl=1 2048w, https:\/\/i0.wp.com\/grundschule-homberg.de\/wp\/wp-content\/uploads\/2023\/07\/E94664D8-8D6F-45F4-BE50-3C5B7CF4198E-scaled.jpeg?w=1208&amp;ssl=1 1208w, https:\/\/i0.wp.com\/grundschule-homberg.de\/wp\/wp-content\/uploads\/2023\/07\/E94664D8-8D6F-45F4-BE50-3C5B7CF4198E-scaled.jpeg?w=1812&amp;ssl=1 1812w\" sizes=\"auto, (max-width: 279px) 100vw, 279px\" \/><\/a><\/p>\n<p><a href=\"https:\/\/i0.wp.com\/grundschule-homberg.de\/wp\/wp-content\/uploads\/2023\/07\/828FEA59-8B06-4CD9-9C42-DD3BED7C82AD-scaled.jpeg?ssl=1\"><img data-recalc-dims=\"1\" loading=\"lazy\" decoding=\"async\" class=\" wp-image-224353 alignright\" src=\"https:\/\/i0.wp.com\/grundschule-homberg.de\/wp\/wp-content\/uploads\/2023\/07\/828FEA59-8B06-4CD9-9C42-DD3BED7C82AD.jpeg?resize=277%2C208&#038;ssl=1\" alt=\"\" width=\"277\" height=\"208\" srcset=\"https:\/\/i0.wp.com\/grundschule-homberg.de\/wp\/wp-content\/uploads\/2023\/07\/828FEA59-8B06-4CD9-9C42-DD3BED7C82AD-scaled.jpeg?resize=300%2C225&amp;ssl=1 300w, https:\/\/i0.wp.com\/grundschule-homberg.de\/wp\/wp-content\/uploads\/2023\/07\/828FEA59-8B06-4CD9-9C42-DD3BED7C82AD-scaled.jpeg?resize=1024%2C768&amp;ssl=1 1024w, https:\/\/i0.wp.com\/grundschule-homberg.de\/wp\/wp-content\/uploads\/2023\/07\/828FEA59-8B06-4CD9-9C42-DD3BED7C82AD-scaled.jpeg?resize=150%2C113&amp;ssl=1 150w, https:\/\/i0.wp.com\/grundschule-homberg.de\/wp\/wp-content\/uploads\/2023\/07\/828FEA59-8B06-4CD9-9C42-DD3BED7C82AD-scaled.jpeg?resize=768%2C576&amp;ssl=1 768w, https:\/\/i0.wp.com\/grundschule-homberg.de\/wp\/wp-content\/uploads\/2023\/07\/828FEA59-8B06-4CD9-9C42-DD3BED7C82AD-scaled.jpeg?resize=1536%2C1152&amp;ssl=1 1536w, https:\/\/i0.wp.com\/grundschule-homberg.de\/wp\/wp-content\/uploads\/2023\/07\/828FEA59-8B06-4CD9-9C42-DD3BED7C82AD-scaled.jpeg?resize=2048%2C1536&amp;ssl=1 2048w, https:\/\/i0.wp.com\/grundschule-homberg.de\/wp\/wp-content\/uploads\/2023\/07\/828FEA59-8B06-4CD9-9C42-DD3BED7C82AD-scaled.jpeg?w=1208&amp;ssl=1 1208w, https:\/\/i0.wp.com\/grundschule-homberg.de\/wp\/wp-content\/uploads\/2023\/07\/828FEA59-8B06-4CD9-9C42-DD3BED7C82AD-scaled.jpeg?w=1812&amp;ssl=1 1812w\" sizes=\"auto, (max-width: 277px) 100vw, 277px\" \/><\/a><\/p>\n<p>&nbsp;<\/p>\n<p>&nbsp;<\/p>\n<p>&nbsp;<\/p>\n<p>&nbsp;<\/p>\n<p><a href=\"https:\/\/i0.wp.com\/grundschule-homberg.de\/wp\/wp-content\/uploads\/2023\/07\/69902B87-44AC-46DC-8974-2405B0654AE5-scaled.jpeg?ssl=1\"><img data-recalc-dims=\"1\" loading=\"lazy\" decoding=\"async\" class=\"wp-image-224355 alignleft\" src=\"https:\/\/i0.wp.com\/grundschule-homberg.de\/wp\/wp-content\/uploads\/2023\/07\/69902B87-44AC-46DC-8974-2405B0654AE5.jpeg?resize=288%2C216&#038;ssl=1\" alt=\"\" width=\"288\" height=\"216\" srcset=\"https:\/\/i0.wp.com\/grundschule-homberg.de\/wp\/wp-content\/uploads\/2023\/07\/69902B87-44AC-46DC-8974-2405B0654AE5-scaled.jpeg?resize=300%2C225&amp;ssl=1 300w, https:\/\/i0.wp.com\/grundschule-homberg.de\/wp\/wp-content\/uploads\/2023\/07\/69902B87-44AC-46DC-8974-2405B0654AE5-scaled.jpeg?resize=1024%2C768&amp;ssl=1 1024w, https:\/\/i0.wp.com\/grundschule-homberg.de\/wp\/wp-content\/uploads\/2023\/07\/69902B87-44AC-46DC-8974-2405B0654AE5-scaled.jpeg?resize=150%2C113&amp;ssl=1 150w, https:\/\/i0.wp.com\/grundschule-homberg.de\/wp\/wp-content\/uploads\/2023\/07\/69902B87-44AC-46DC-8974-2405B0654AE5-scaled.jpeg?resize=768%2C576&amp;ssl=1 768w, https:\/\/i0.wp.com\/grundschule-homberg.de\/wp\/wp-content\/uploads\/2023\/07\/69902B87-44AC-46DC-8974-2405B0654AE5-scaled.jpeg?resize=1536%2C1152&amp;ssl=1 1536w, https:\/\/i0.wp.com\/grundschule-homberg.de\/wp\/wp-content\/uploads\/2023\/07\/69902B87-44AC-46DC-8974-2405B0654AE5-scaled.jpeg?resize=2048%2C1536&amp;ssl=1 2048w, https:\/\/i0.wp.com\/grundschule-homberg.de\/wp\/wp-content\/uploads\/2023\/07\/69902B87-44AC-46DC-8974-2405B0654AE5-scaled.jpeg?w=1208&amp;ssl=1 1208w, https:\/\/i0.wp.com\/grundschule-homberg.de\/wp\/wp-content\/uploads\/2023\/07\/69902B87-44AC-46DC-8974-2405B0654AE5-scaled.jpeg?w=1812&amp;ssl=1 1812w\" sizes=\"auto, (max-width: 288px) 100vw, 288px\" \/><\/a><a href=\"https:\/\/i0.wp.com\/grundschule-homberg.de\/wp\/wp-content\/uploads\/2023\/07\/1CD059BA-A3BA-4948-9F1E-6B33DC5CC370-scaled.jpeg?ssl=1\"><img data-recalc-dims=\"1\" loading=\"lazy\" decoding=\"async\" class=\"wp-image-224347 alignright\" src=\"https:\/\/i0.wp.com\/grundschule-homberg.de\/wp\/wp-content\/uploads\/2023\/07\/1CD059BA-A3BA-4948-9F1E-6B33DC5CC370.jpeg?resize=275%2C206&#038;ssl=1\" alt=\"\" width=\"275\" height=\"206\" srcset=\"https:\/\/i0.wp.com\/grundschule-homberg.de\/wp\/wp-content\/uploads\/2023\/07\/1CD059BA-A3BA-4948-9F1E-6B33DC5CC370-scaled.jpeg?resize=300%2C225&amp;ssl=1 300w, https:\/\/i0.wp.com\/grundschule-homberg.de\/wp\/wp-content\/uploads\/2023\/07\/1CD059BA-A3BA-4948-9F1E-6B33DC5CC370-scaled.jpeg?resize=1024%2C768&amp;ssl=1 1024w, https:\/\/i0.wp.com\/grundschule-homberg.de\/wp\/wp-content\/uploads\/2023\/07\/1CD059BA-A3BA-4948-9F1E-6B33DC5CC370-scaled.jpeg?resize=150%2C113&amp;ssl=1 150w, https:\/\/i0.wp.com\/grundschule-homberg.de\/wp\/wp-content\/uploads\/2023\/07\/1CD059BA-A3BA-4948-9F1E-6B33DC5CC370-scaled.jpeg?resize=768%2C576&amp;ssl=1 768w, https:\/\/i0.wp.com\/grundschule-homberg.de\/wp\/wp-content\/uploads\/2023\/07\/1CD059BA-A3BA-4948-9F1E-6B33DC5CC370-scaled.jpeg?resize=1536%2C1152&amp;ssl=1 1536w, https:\/\/i0.wp.com\/grundschule-homberg.de\/wp\/wp-content\/uploads\/2023\/07\/1CD059BA-A3BA-4948-9F1E-6B33DC5CC370-scaled.jpeg?resize=2048%2C1536&amp;ssl=1 2048w, https:\/\/i0.wp.com\/grundschule-homberg.de\/wp\/wp-content\/uploads\/2023\/07\/1CD059BA-A3BA-4948-9F1E-6B33DC5CC370-scaled.jpeg?w=1208&amp;ssl=1 1208w, https:\/\/i0.wp.com\/grundschule-homberg.de\/wp\/wp-content\/uploads\/2023\/07\/1CD059BA-A3BA-4948-9F1E-6B33DC5CC370-scaled.jpeg?w=1812&amp;ssl=1 1812w\" sizes=\"auto, (max-width: 275px) 100vw, 275px\" \/><\/a><\/p>\n<p>&nbsp;<\/p>\n<p>&nbsp;<\/p>\n<p>&nbsp;<\/p>\n<p>&nbsp;<\/p>\n<p>&nbsp;<\/p>\n<p>Zwischen den einzelnen Staffeldurchg\u00e4ngen wurden die Teilnehmer des diesj\u00e4hrigen K\u00e4nguru-Mathematikwettbewerbs geehrt. Auch die flei\u00dfigen Antolin-Lesekinder erhielten ihre Urkunden.&nbsp;<\/p>\n<p><a href=\"https:\/\/i0.wp.com\/grundschule-homberg.de\/wp\/wp-content\/uploads\/2023\/07\/05230A6C-96BC-4947-AEAC-1D33E61EF3B6-scaled.jpeg?ssl=1\"><img data-recalc-dims=\"1\" loading=\"lazy\" decoding=\"async\" class=\"alignnone wp-image-224354\" src=\"https:\/\/i0.wp.com\/grundschule-homberg.de\/wp\/wp-content\/uploads\/2023\/07\/05230A6C-96BC-4947-AEAC-1D33E61EF3B6.jpeg?resize=280%2C210&#038;ssl=1\" alt=\"\" width=\"280\" height=\"210\" srcset=\"https:\/\/i0.wp.com\/grundschule-homberg.de\/wp\/wp-content\/uploads\/2023\/07\/05230A6C-96BC-4947-AEAC-1D33E61EF3B6-scaled.jpeg?resize=300%2C225&amp;ssl=1 300w, https:\/\/i0.wp.com\/grundschule-homberg.de\/wp\/wp-content\/uploads\/2023\/07\/05230A6C-96BC-4947-AEAC-1D33E61EF3B6-scaled.jpeg?resize=1024%2C768&amp;ssl=1 1024w, https:\/\/i0.wp.com\/grundschule-homberg.de\/wp\/wp-content\/uploads\/2023\/07\/05230A6C-96BC-4947-AEAC-1D33E61EF3B6-scaled.jpeg?resize=150%2C113&amp;ssl=1 150w, https:\/\/i0.wp.com\/grundschule-homberg.de\/wp\/wp-content\/uploads\/2023\/07\/05230A6C-96BC-4947-AEAC-1D33E61EF3B6-scaled.jpeg?resize=768%2C576&amp;ssl=1 768w, https:\/\/i0.wp.com\/grundschule-homberg.de\/wp\/wp-content\/uploads\/2023\/07\/05230A6C-96BC-4947-AEAC-1D33E61EF3B6-scaled.jpeg?resize=1536%2C1152&amp;ssl=1 1536w, https:\/\/i0.wp.com\/grundschule-homberg.de\/wp\/wp-content\/uploads\/2023\/07\/05230A6C-96BC-4947-AEAC-1D33E61EF3B6-scaled.jpeg?resize=2048%2C1536&amp;ssl=1 2048w, https:\/\/i0.wp.com\/grundschule-homberg.de\/wp\/wp-content\/uploads\/2023\/07\/05230A6C-96BC-4947-AEAC-1D33E61EF3B6-scaled.jpeg?w=1208&amp;ssl=1 1208w, https:\/\/i0.wp.com\/grundschule-homberg.de\/wp\/wp-content\/uploads\/2023\/07\/05230A6C-96BC-4947-AEAC-1D33E61EF3B6-scaled.jpeg?w=1812&amp;ssl=1 1812w\" sizes=\"auto, (max-width: 280px) 100vw, 280px\" \/><\/a><a href=\"https:\/\/i0.wp.com\/grundschule-homberg.de\/wp\/wp-content\/uploads\/2023\/07\/8ADFFB36-C9E6-4961-9717-51328B820FA3-scaled.jpeg?ssl=1\"><img data-recalc-dims=\"1\" loading=\"lazy\" decoding=\"async\" class=\" wp-image-224350 alignright\" src=\"https:\/\/i0.wp.com\/grundschule-homberg.de\/wp\/wp-content\/uploads\/2023\/07\/8ADFFB36-C9E6-4961-9717-51328B820FA3.jpeg?resize=289%2C217&#038;ssl=1\" alt=\"\" width=\"289\" height=\"217\" srcset=\"https:\/\/i0.wp.com\/grundschule-homberg.de\/wp\/wp-content\/uploads\/2023\/07\/8ADFFB36-C9E6-4961-9717-51328B820FA3-scaled.jpeg?resize=300%2C225&amp;ssl=1 300w, https:\/\/i0.wp.com\/grundschule-homberg.de\/wp\/wp-content\/uploads\/2023\/07\/8ADFFB36-C9E6-4961-9717-51328B820FA3-scaled.jpeg?resize=1024%2C768&amp;ssl=1 1024w, https:\/\/i0.wp.com\/grundschule-homberg.de\/wp\/wp-content\/uploads\/2023\/07\/8ADFFB36-C9E6-4961-9717-51328B820FA3-scaled.jpeg?resize=150%2C113&amp;ssl=1 150w, https:\/\/i0.wp.com\/grundschule-homberg.de\/wp\/wp-content\/uploads\/2023\/07\/8ADFFB36-C9E6-4961-9717-51328B820FA3-scaled.jpeg?resize=768%2C576&amp;ssl=1 768w, https:\/\/i0.wp.com\/grundschule-homberg.de\/wp\/wp-content\/uploads\/2023\/07\/8ADFFB36-C9E6-4961-9717-51328B820FA3-scaled.jpeg?resize=1536%2C1152&amp;ssl=1 1536w, https:\/\/i0.wp.com\/grundschule-homberg.de\/wp\/wp-content\/uploads\/2023\/07\/8ADFFB36-C9E6-4961-9717-51328B820FA3-scaled.jpeg?resize=2048%2C1536&amp;ssl=1 2048w, https:\/\/i0.wp.com\/grundschule-homberg.de\/wp\/wp-content\/uploads\/2023\/07\/8ADFFB36-C9E6-4961-9717-51328B820FA3-scaled.jpeg?w=1208&amp;ssl=1 1208w, https:\/\/i0.wp.com\/grundschule-homberg.de\/wp\/wp-content\/uploads\/2023\/07\/8ADFFB36-C9E6-4961-9717-51328B820FA3-scaled.jpeg?w=1812&amp;ssl=1 1812w\" sizes=\"auto, (max-width: 289px) 100vw, 289px\" \/><\/a><\/p>\n<p>Dann wurden jahrgangsweise die besten SportlerInnen geehrt, die bei den Bundesjugendspielen eine Ehrenurkunde erhalten hatten.&nbsp;<\/p>\n<p><a href=\"https:\/\/i0.wp.com\/grundschule-homberg.de\/wp\/wp-content\/uploads\/2023\/07\/EAA9CFD8-8845-4AA0-B01C-BB45E5648FD5-scaled.jpeg?ssl=1\"><img data-recalc-dims=\"1\" loading=\"lazy\" decoding=\"async\" class=\"alignnone size-medium wp-image-224358\" src=\"https:\/\/i0.wp.com\/grundschule-homberg.de\/wp\/wp-content\/uploads\/2023\/07\/EAA9CFD8-8845-4AA0-B01C-BB45E5648FD5.jpeg?resize=300%2C225&#038;ssl=1\" alt=\"\" width=\"300\" height=\"225\" srcset=\"https:\/\/i0.wp.com\/grundschule-homberg.de\/wp\/wp-content\/uploads\/2023\/07\/EAA9CFD8-8845-4AA0-B01C-BB45E5648FD5-scaled.jpeg?resize=300%2C225&amp;ssl=1 300w, https:\/\/i0.wp.com\/grundschule-homberg.de\/wp\/wp-content\/uploads\/2023\/07\/EAA9CFD8-8845-4AA0-B01C-BB45E5648FD5-scaled.jpeg?resize=1024%2C768&amp;ssl=1 1024w, https:\/\/i0.wp.com\/grundschule-homberg.de\/wp\/wp-content\/uploads\/2023\/07\/EAA9CFD8-8845-4AA0-B01C-BB45E5648FD5-scaled.jpeg?resize=150%2C113&amp;ssl=1 150w, https:\/\/i0.wp.com\/grundschule-homberg.de\/wp\/wp-content\/uploads\/2023\/07\/EAA9CFD8-8845-4AA0-B01C-BB45E5648FD5-scaled.jpeg?resize=768%2C576&amp;ssl=1 768w, https:\/\/i0.wp.com\/grundschule-homberg.de\/wp\/wp-content\/uploads\/2023\/07\/EAA9CFD8-8845-4AA0-B01C-BB45E5648FD5-scaled.jpeg?resize=1536%2C1152&amp;ssl=1 1536w, https:\/\/i0.wp.com\/grundschule-homberg.de\/wp\/wp-content\/uploads\/2023\/07\/EAA9CFD8-8845-4AA0-B01C-BB45E5648FD5-scaled.jpeg?resize=2048%2C1536&amp;ssl=1 2048w, https:\/\/i0.wp.com\/grundschule-homberg.de\/wp\/wp-content\/uploads\/2023\/07\/EAA9CFD8-8845-4AA0-B01C-BB45E5648FD5-scaled.jpeg?w=1208&amp;ssl=1 1208w, https:\/\/i0.wp.com\/grundschule-homberg.de\/wp\/wp-content\/uploads\/2023\/07\/EAA9CFD8-8845-4AA0-B01C-BB45E5648FD5-scaled.jpeg?w=1812&amp;ssl=1 1812w\" sizes=\"auto, (max-width: 300px) 100vw, 300px\" \/><\/a> <a href=\"https:\/\/i0.wp.com\/grundschule-homberg.de\/wp\/wp-content\/uploads\/2023\/07\/DB252EEF-2D80-4807-B591-BF3A8BFD20EB-scaled.jpeg?ssl=1\"><img data-recalc-dims=\"1\" loading=\"lazy\" decoding=\"async\" class=\"alignnone size-medium wp-image-224356\" src=\"https:\/\/i0.wp.com\/grundschule-homberg.de\/wp\/wp-content\/uploads\/2023\/07\/DB252EEF-2D80-4807-B591-BF3A8BFD20EB.jpeg?resize=300%2C225&#038;ssl=1\" alt=\"\" width=\"300\" height=\"225\" srcset=\"https:\/\/i0.wp.com\/grundschule-homberg.de\/wp\/wp-content\/uploads\/2023\/07\/DB252EEF-2D80-4807-B591-BF3A8BFD20EB-scaled.jpeg?resize=300%2C225&amp;ssl=1 300w, https:\/\/i0.wp.com\/grundschule-homberg.de\/wp\/wp-content\/uploads\/2023\/07\/DB252EEF-2D80-4807-B591-BF3A8BFD20EB-scaled.jpeg?resize=1024%2C768&amp;ssl=1 1024w, https:\/\/i0.wp.com\/grundschule-homberg.de\/wp\/wp-content\/uploads\/2023\/07\/DB252EEF-2D80-4807-B591-BF3A8BFD20EB-scaled.jpeg?resize=150%2C113&amp;ssl=1 150w, https:\/\/i0.wp.com\/grundschule-homberg.de\/wp\/wp-content\/uploads\/2023\/07\/DB252EEF-2D80-4807-B591-BF3A8BFD20EB-scaled.jpeg?resize=768%2C576&amp;ssl=1 768w, https:\/\/i0.wp.com\/grundschule-homberg.de\/wp\/wp-content\/uploads\/2023\/07\/DB252EEF-2D80-4807-B591-BF3A8BFD20EB-scaled.jpeg?resize=1536%2C1152&amp;ssl=1 1536w, https:\/\/i0.wp.com\/grundschule-homberg.de\/wp\/wp-content\/uploads\/2023\/07\/DB252EEF-2D80-4807-B591-BF3A8BFD20EB-scaled.jpeg?resize=2048%2C1536&amp;ssl=1 2048w, https:\/\/i0.wp.com\/grundschule-homberg.de\/wp\/wp-content\/uploads\/2023\/07\/DB252EEF-2D80-4807-B591-BF3A8BFD20EB-scaled.jpeg?w=1208&amp;ssl=1 1208w, https:\/\/i0.wp.com\/grundschule-homberg.de\/wp\/wp-content\/uploads\/2023\/07\/DB252EEF-2D80-4807-B591-BF3A8BFD20EB-scaled.jpeg?w=1812&amp;ssl=1 1812w\" sizes=\"auto, (max-width: 300px) 100vw, 300px\" \/><\/a> <a href=\"https:\/\/i0.wp.com\/grundschule-homberg.de\/wp\/wp-content\/uploads\/2023\/07\/67CCAF15-20E5-40EF-8001-D73E9AF268C3-scaled.jpeg?ssl=1\"><img data-recalc-dims=\"1\" loading=\"lazy\" decoding=\"async\" class=\"wp-image-224352 alignnone\" src=\"https:\/\/i0.wp.com\/grundschule-homberg.de\/wp\/wp-content\/uploads\/2023\/07\/67CCAF15-20E5-40EF-8001-D73E9AF268C3.jpeg?resize=289%2C217&#038;ssl=1\" alt=\"\" width=\"289\" height=\"217\" srcset=\"https:\/\/i0.wp.com\/grundschule-homberg.de\/wp\/wp-content\/uploads\/2023\/07\/67CCAF15-20E5-40EF-8001-D73E9AF268C3-scaled.jpeg?resize=300%2C225&amp;ssl=1 300w, https:\/\/i0.wp.com\/grundschule-homberg.de\/wp\/wp-content\/uploads\/2023\/07\/67CCAF15-20E5-40EF-8001-D73E9AF268C3-scaled.jpeg?resize=1024%2C768&amp;ssl=1 1024w, https:\/\/i0.wp.com\/grundschule-homberg.de\/wp\/wp-content\/uploads\/2023\/07\/67CCAF15-20E5-40EF-8001-D73E9AF268C3-scaled.jpeg?resize=150%2C113&amp;ssl=1 150w, https:\/\/i0.wp.com\/grundschule-homberg.de\/wp\/wp-content\/uploads\/2023\/07\/67CCAF15-20E5-40EF-8001-D73E9AF268C3-scaled.jpeg?resize=768%2C576&amp;ssl=1 768w, https:\/\/i0.wp.com\/grundschule-homberg.de\/wp\/wp-content\/uploads\/2023\/07\/67CCAF15-20E5-40EF-8001-D73E9AF268C3-scaled.jpeg?resize=1536%2C1152&amp;ssl=1 1536w, https:\/\/i0.wp.com\/grundschule-homberg.de\/wp\/wp-content\/uploads\/2023\/07\/67CCAF15-20E5-40EF-8001-D73E9AF268C3-scaled.jpeg?resize=2048%2C1536&amp;ssl=1 2048w, https:\/\/i0.wp.com\/grundschule-homberg.de\/wp\/wp-content\/uploads\/2023\/07\/67CCAF15-20E5-40EF-8001-D73E9AF268C3-scaled.jpeg?w=1208&amp;ssl=1 1208w, https:\/\/i0.wp.com\/grundschule-homberg.de\/wp\/wp-content\/uploads\/2023\/07\/67CCAF15-20E5-40EF-8001-D73E9AF268C3-scaled.jpeg?w=1812&amp;ssl=1 1812w\" sizes=\"auto, (max-width: 289px) 100vw, 289px\" \/><\/a><a href=\"https:\/\/i0.wp.com\/grundschule-homberg.de\/wp\/wp-content\/uploads\/2023\/07\/EDF0785A-FB21-4350-8445-A8A0B42F7D72-scaled.jpeg?ssl=1\"><img data-recalc-dims=\"1\" loading=\"lazy\" decoding=\"async\" class=\"wp-image-224360 alignleft\" src=\"https:\/\/i0.wp.com\/grundschule-homberg.de\/wp\/wp-content\/uploads\/2023\/07\/EDF0785A-FB21-4350-8445-A8A0B42F7D72.jpeg?resize=293%2C220&#038;ssl=1\" alt=\"\" width=\"293\" height=\"220\" srcset=\"https:\/\/i0.wp.com\/grundschule-homberg.de\/wp\/wp-content\/uploads\/2023\/07\/EDF0785A-FB21-4350-8445-A8A0B42F7D72-scaled.jpeg?resize=300%2C225&amp;ssl=1 300w, https:\/\/i0.wp.com\/grundschule-homberg.de\/wp\/wp-content\/uploads\/2023\/07\/EDF0785A-FB21-4350-8445-A8A0B42F7D72-scaled.jpeg?resize=1024%2C768&amp;ssl=1 1024w, https:\/\/i0.wp.com\/grundschule-homberg.de\/wp\/wp-content\/uploads\/2023\/07\/EDF0785A-FB21-4350-8445-A8A0B42F7D72-scaled.jpeg?resize=150%2C113&amp;ssl=1 150w, https:\/\/i0.wp.com\/grundschule-homberg.de\/wp\/wp-content\/uploads\/2023\/07\/EDF0785A-FB21-4350-8445-A8A0B42F7D72-scaled.jpeg?resize=768%2C576&amp;ssl=1 768w, https:\/\/i0.wp.com\/grundschule-homberg.de\/wp\/wp-content\/uploads\/2023\/07\/EDF0785A-FB21-4350-8445-A8A0B42F7D72-scaled.jpeg?resize=1536%2C1152&amp;ssl=1 1536w, https:\/\/i0.wp.com\/grundschule-homberg.de\/wp\/wp-content\/uploads\/2023\/07\/EDF0785A-FB21-4350-8445-A8A0B42F7D72-scaled.jpeg?resize=2048%2C1536&amp;ssl=1 2048w, https:\/\/i0.wp.com\/grundschule-homberg.de\/wp\/wp-content\/uploads\/2023\/07\/EDF0785A-FB21-4350-8445-A8A0B42F7D72-scaled.jpeg?w=1208&amp;ssl=1 1208w, https:\/\/i0.wp.com\/grundschule-homberg.de\/wp\/wp-content\/uploads\/2023\/07\/EDF0785A-FB21-4350-8445-A8A0B42F7D72-scaled.jpeg?w=1812&amp;ssl=1 1812w\" sizes=\"auto, (max-width: 293px) 100vw, 293px\" \/><\/a><\/p>\n","protected":false},"excerpt":{"rendered":"<p>Am Mittwoch, den 19.7.2023 gab es einen weitern H\u00f6hepunkt im Schuljahr. Die Klassenstaffell\u00e4ufe standen auf dem Programm. Jeweils sechs Jungen und sechs M\u00e4dchen aus den Klassen liefen jahrgangsweise gegeneinander und rangen um die Pl\u00e4tze. &nbsp; &nbsp; &nbsp; &nbsp; &nbsp; Nach den spannenden Rennen wurden die Urkunden an KlassensprecherInnen \u00fcbergeben.&nbsp; &nbsp; &nbsp; &nbsp; &nbsp; &nbsp; &nbsp; &hellip; <a href=\"https:\/\/grundschule-homberg.de\/wp\/?p=224345\" class=\"more-link\"><span class=\"screen-reader-text\">Urkunden\u00fcbergabe und Staffellauf<\/span> weiterlesen <span class=\"meta-nav\">&rarr;<\/span><\/a><\/p>\n","protected":false},"author":2,"featured_media":224347,"comment_status":"closed","ping_status":"closed","sticky":false,"template":"","format":"standard","meta":{"ngg_post_thumbnail":0,"_jetpack_memberships_contains_paid_content":false,"footnotes":""},"categories":[1],"tags":[],"class_list":["post-224345","post","type-post","status-publish","format-standard","has-post-thumbnail","hentry","category-allgemein"],"jetpack_featured_media_url":"https:\/\/i0.wp.com\/grundschule-homberg.de\/wp\/wp-content\/uploads\/2023\/07\/1CD059BA-A3BA-4948-9F1E-6B33DC5CC370-scaled.jpeg?fit=2560%2C1920&ssl=1","jetpack_shortlink":"https:\/\/wp.me\/p3XuEZ-Wmt","jetpack-related-posts":[],"jetpack_sharing_enabled":true,"_links":{"self":[{"href":"https:\/\/grundschule-homberg.de\/wp\/index.php?rest_route=\/wp\/v2\/posts\/224345","targetHints":{"allow":["GET"]}}],"collection":[{"href":"https:\/\/grundschule-homberg.de\/wp\/index.php?rest_route=\/wp\/v2\/posts"}],"about":[{"href":"https:\/\/grundschule-homberg.de\/wp\/index.php?rest_route=\/wp\/v2\/types\/post"}],"author":[{"embeddable":true,"href":"https:\/\/grundschule-homberg.de\/wp\/index.php?rest_route=\/wp\/v2\/users\/2"}],"replies":[{"embeddable":true,"href":"https:\/\/grundschule-homberg.de\/wp\/index.php?rest_route=%2Fwp%2Fv2%2Fcomments&post=224345"}],"version-history":[{"count":1,"href":"https:\/\/grundschule-homberg.de\/wp\/index.php?rest_route=\/wp\/v2\/posts\/224345\/revisions"}],"predecessor-version":[{"id":224361,"href":"https:\/\/grundschule-homberg.de\/wp\/index.php?rest_route=\/wp\/v2\/posts\/224345\/revisions\/224361"}],"wp:featuredmedia":[{"embeddable":true,"href":"https:\/\/grundschule-homberg.de\/wp\/index.php?rest_route=\/wp\/v2\/media\/224347"}],"wp:attachment":[{"href":"https:\/\/grundschule-homberg.de\/wp\/index.php?rest_route=%2Fwp%2Fv2%2Fmedia&parent=224345"}],"wp:term":[{"taxonomy":"category","embeddable":true,"href":"https:\/\/grundschule-homberg.de\/wp\/index.php?rest_route=%2Fwp%2Fv2%2Fcategories&post=224345"},{"taxonomy":"post_tag","embeddable":true,"href":"https:\/\/grundschule-homberg.de\/wp\/index.php?rest_route=%2Fwp%2Fv2%2Ftags&post=224345"}],"curies":[{"name":"wp","href":"https:\/\/api.w.org\/{rel}","templated":true}]}}