{"id":224380,"date":"2023-07-22T17:14:39","date_gmt":"2023-07-22T15:14:39","guid":{"rendered":"https:\/\/grundschule-homberg.de\/wp\/?p=224380"},"modified":"2023-07-22T17:14:39","modified_gmt":"2023-07-22T15:14:39","slug":"mit-einem-sprung-in-die-5-klasse-und-in-die-sommerferien","status":"publish","type":"post","link":"https:\/\/grundschule-homberg.de\/wp\/?p=224380","title":{"rendered":"Mit einem Sprung in die 5. Klasse und in die Sommerferien"},"content":{"rendered":"<p><a href=\"https:\/\/i0.wp.com\/grundschule-homberg.de\/wp\/wp-content\/uploads\/2023\/07\/yGwXMsbPknCSVqUAZASnjvks.jpg?ssl=1\"><img data-recalc-dims=\"1\" loading=\"lazy\" decoding=\"async\" class=\"alignnone  wp-image-224393\" src=\"https:\/\/i0.wp.com\/grundschule-homberg.de\/wp\/wp-content\/uploads\/2023\/07\/yGwXMsbPknCSVqUAZASnjvks.jpg?resize=271%2C203&#038;ssl=1\" alt=\"\" width=\"271\" height=\"203\"><\/a><a href=\"https:\/\/i0.wp.com\/grundschule-homberg.de\/wp\/wp-content\/uploads\/2023\/07\/SdapXMhEkSvumXgjQrdCYIhG.jpg?ssl=1\"><img data-recalc-dims=\"1\" loading=\"lazy\" decoding=\"async\" class=\"wp-image-224391 alignright\" src=\"https:\/\/i0.wp.com\/grundschule-homberg.de\/wp\/wp-content\/uploads\/2023\/07\/SdapXMhEkSvumXgjQrdCYIhG.jpg?resize=267%2C200&#038;ssl=1\" alt=\"\" width=\"267\" height=\"200\" srcset=\"https:\/\/i0.wp.com\/grundschule-homberg.de\/wp\/wp-content\/uploads\/2023\/07\/SdapXMhEkSvumXgjQrdCYIhG.jpg?resize=300%2C225&amp;ssl=1 300w, https:\/\/i0.wp.com\/grundschule-homberg.de\/wp\/wp-content\/uploads\/2023\/07\/SdapXMhEkSvumXgjQrdCYIhG.jpg?resize=150%2C113&amp;ssl=1 150w, https:\/\/i0.wp.com\/grundschule-homberg.de\/wp\/wp-content\/uploads\/2023\/07\/SdapXMhEkSvumXgjQrdCYIhG.jpg?w=320&amp;ssl=1 320w\" sizes=\"auto, (max-width: 267px) 100vw, 267px\" \/><\/a><\/p>\n<p>Am Freitag, den 21. Juli 2023, stand nicht nur die Zeugnisausgabe auf dem Plan.&nbsp; Auch der Abschied von Viertkl\u00e4sslerInnen musste gefeiert werden.&nbsp;<\/p>\n<p><a href=\"https:\/\/i0.wp.com\/grundschule-homberg.de\/wp\/wp-content\/uploads\/2023\/07\/TgRpWTEsYcKtnzKgZrHVBMfl.jpg?ssl=1\"><img data-recalc-dims=\"1\" loading=\"lazy\" decoding=\"async\" class=\" wp-image-224392 alignleft\" src=\"https:\/\/i0.wp.com\/grundschule-homberg.de\/wp\/wp-content\/uploads\/2023\/07\/TgRpWTEsYcKtnzKgZrHVBMfl.jpg?resize=291%2C218&#038;ssl=1\" alt=\"\" width=\"291\" height=\"218\" srcset=\"https:\/\/i0.wp.com\/grundschule-homberg.de\/wp\/wp-content\/uploads\/2023\/07\/TgRpWTEsYcKtnzKgZrHVBMfl.jpg?resize=300%2C225&amp;ssl=1 300w, https:\/\/i0.wp.com\/grundschule-homberg.de\/wp\/wp-content\/uploads\/2023\/07\/TgRpWTEsYcKtnzKgZrHVBMfl.jpg?resize=150%2C113&amp;ssl=1 150w, https:\/\/i0.wp.com\/grundschule-homberg.de\/wp\/wp-content\/uploads\/2023\/07\/TgRpWTEsYcKtnzKgZrHVBMfl.jpg?w=320&amp;ssl=1 320w\" sizes=\"auto, (max-width: 291px) 100vw, 291px\" \/><\/a><\/p>\n<p>&nbsp;<\/p>\n<p>Mittlerweile ist es schon eine kleine Tradition geworden, dass die &#8222;Gro\u00dfen&#8220; am letzten Grundschultag \u00fcber einen kleinen Kasten in die 5. Klasse springen. Dabei werden sie von allen Kindern und Lehrkr\u00e4ften t\u00fcchtig angefeuert.&nbsp;<\/p>\n<p>&nbsp;<\/p>\n<p><a style=\"color: #ffffff; text-decoration-line: underline; outline: 0px;\" href=\"https:\/\/i0.wp.com\/grundschule-homberg.de\/wp\/wp-content\/uploads\/2023\/07\/HuaclreEGInEMkbIyJwszlmY.jpg?ssl=1\"><img data-recalc-dims=\"1\" loading=\"lazy\" decoding=\"async\" class=\"wp-image-224385 alignleft\" src=\"https:\/\/i0.wp.com\/grundschule-homberg.de\/wp\/wp-content\/uploads\/2023\/07\/HuaclreEGInEMkbIyJwszlmY.jpg?resize=277%2C208&#038;ssl=1\" alt=\"\" width=\"277\" height=\"208\" srcset=\"https:\/\/i0.wp.com\/grundschule-homberg.de\/wp\/wp-content\/uploads\/2023\/07\/HuaclreEGInEMkbIyJwszlmY.jpg?resize=300%2C225&amp;ssl=1 300w, https:\/\/i0.wp.com\/grundschule-homberg.de\/wp\/wp-content\/uploads\/2023\/07\/HuaclreEGInEMkbIyJwszlmY.jpg?resize=150%2C113&amp;ssl=1 150w, https:\/\/i0.wp.com\/grundschule-homberg.de\/wp\/wp-content\/uploads\/2023\/07\/HuaclreEGInEMkbIyJwszlmY.jpg?w=320&amp;ssl=1 320w\" sizes=\"auto, (max-width: 277px) 100vw, 277px\" \/><\/a><\/p>\n<p><a href=\"https:\/\/i0.wp.com\/grundschule-homberg.de\/wp\/wp-content\/uploads\/2023\/07\/jmlLisqLRqSChugycRvpGZzI-1.jpg?ssl=1\"><img data-recalc-dims=\"1\" loading=\"lazy\" decoding=\"async\" class=\"alignnone  wp-image-224388\" src=\"https:\/\/i0.wp.com\/grundschule-homberg.de\/wp\/wp-content\/uploads\/2023\/07\/jmlLisqLRqSChugycRvpGZzI-1.jpg?resize=285%2C214&#038;ssl=1\" alt=\"\" width=\"285\" height=\"214\" srcset=\"https:\/\/i0.wp.com\/grundschule-homberg.de\/wp\/wp-content\/uploads\/2023\/07\/jmlLisqLRqSChugycRvpGZzI-1.jpg?resize=300%2C225&amp;ssl=1 300w, https:\/\/i0.wp.com\/grundschule-homberg.de\/wp\/wp-content\/uploads\/2023\/07\/jmlLisqLRqSChugycRvpGZzI-1.jpg?resize=150%2C113&amp;ssl=1 150w, https:\/\/i0.wp.com\/grundschule-homberg.de\/wp\/wp-content\/uploads\/2023\/07\/jmlLisqLRqSChugycRvpGZzI-1.jpg?w=320&amp;ssl=1 320w\" sizes=\"auto, (max-width: 285px) 100vw, 285px\" \/><\/a><\/p>\n<p>Wir w\u00fcnschen unseren &#8222;Abg\u00e4ngerInnen&#8220; alles Gute f\u00fcr Ihre Zukunft und nun zun\u00e4chst allen Schulkindern sch\u00f6ne Sommerferien. Die Verwaltung ist in den Ferien i.d.R. mittwochs erreichbar oder per E-Mail. Der Unterricht beginnt wieder am 4. September 2023 zur 2. Stunde.&nbsp;<\/p>\n<p><a href=\"https:\/\/i0.wp.com\/grundschule-homberg.de\/wp\/wp-content\/uploads\/2023\/07\/feGkaCYFWswOKSvOIiydpxvX.jpg?ssl=1\"><img data-recalc-dims=\"1\" loading=\"lazy\" decoding=\"async\" class=\"wp-image-224382 alignnone\" src=\"https:\/\/i0.wp.com\/grundschule-homberg.de\/wp\/wp-content\/uploads\/2023\/07\/feGkaCYFWswOKSvOIiydpxvX.jpg?resize=270%2C202&#038;ssl=1\" alt=\"\" width=\"270\" height=\"202\" srcset=\"https:\/\/i0.wp.com\/grundschule-homberg.de\/wp\/wp-content\/uploads\/2023\/07\/feGkaCYFWswOKSvOIiydpxvX.jpg?resize=300%2C225&amp;ssl=1 300w, https:\/\/i0.wp.com\/grundschule-homberg.de\/wp\/wp-content\/uploads\/2023\/07\/feGkaCYFWswOKSvOIiydpxvX.jpg?resize=150%2C113&amp;ssl=1 150w, https:\/\/i0.wp.com\/grundschule-homberg.de\/wp\/wp-content\/uploads\/2023\/07\/feGkaCYFWswOKSvOIiydpxvX.jpg?w=320&amp;ssl=1 320w\" sizes=\"auto, (max-width: 270px) 100vw, 270px\" \/><\/a><a href=\"https:\/\/i0.wp.com\/grundschule-homberg.de\/wp\/wp-content\/uploads\/2023\/07\/IMG_20230721_085707-scaled.jpg?ssl=1\"><img data-recalc-dims=\"1\" loading=\"lazy\" decoding=\"async\" class=\" wp-image-224387 alignright\" src=\"https:\/\/i0.wp.com\/grundschule-homberg.de\/wp\/wp-content\/uploads\/2023\/07\/IMG_20230721_085707.jpg?resize=269%2C202&#038;ssl=1\" alt=\"\" width=\"269\" height=\"202\" srcset=\"https:\/\/i0.wp.com\/grundschule-homberg.de\/wp\/wp-content\/uploads\/2023\/07\/IMG_20230721_085707-scaled.jpg?resize=300%2C225&amp;ssl=1 300w, https:\/\/i0.wp.com\/grundschule-homberg.de\/wp\/wp-content\/uploads\/2023\/07\/IMG_20230721_085707-scaled.jpg?resize=1024%2C768&amp;ssl=1 1024w, https:\/\/i0.wp.com\/grundschule-homberg.de\/wp\/wp-content\/uploads\/2023\/07\/IMG_20230721_085707-scaled.jpg?resize=150%2C113&amp;ssl=1 150w, https:\/\/i0.wp.com\/grundschule-homberg.de\/wp\/wp-content\/uploads\/2023\/07\/IMG_20230721_085707-scaled.jpg?resize=768%2C576&amp;ssl=1 768w, https:\/\/i0.wp.com\/grundschule-homberg.de\/wp\/wp-content\/uploads\/2023\/07\/IMG_20230721_085707-scaled.jpg?resize=1536%2C1152&amp;ssl=1 1536w, https:\/\/i0.wp.com\/grundschule-homberg.de\/wp\/wp-content\/uploads\/2023\/07\/IMG_20230721_085707-scaled.jpg?resize=2048%2C1536&amp;ssl=1 2048w, https:\/\/i0.wp.com\/grundschule-homberg.de\/wp\/wp-content\/uploads\/2023\/07\/IMG_20230721_085707-scaled.jpg?w=1208&amp;ssl=1 1208w, https:\/\/i0.wp.com\/grundschule-homberg.de\/wp\/wp-content\/uploads\/2023\/07\/IMG_20230721_085707-scaled.jpg?w=1812&amp;ssl=1 1812w\" sizes=\"auto, (max-width: 269px) 100vw, 269px\" \/><\/a><\/p>\n","protected":false},"excerpt":{"rendered":"<p>Am Freitag, den 21. Juli 2023, stand nicht nur die Zeugnisausgabe auf dem Plan.&nbsp; Auch der Abschied von Viertkl\u00e4sslerInnen musste gefeiert werden.&nbsp; &nbsp; Mittlerweile ist es schon eine kleine Tradition geworden, dass die &#8222;Gro\u00dfen&#8220; am letzten Grundschultag \u00fcber einen kleinen Kasten in die 5. Klasse springen. Dabei werden sie von allen Kindern und Lehrkr\u00e4ften t\u00fcchtig &hellip; <a href=\"https:\/\/grundschule-homberg.de\/wp\/?p=224380\" class=\"more-link\"><span class=\"screen-reader-text\">Mit einem Sprung in die 5. Klasse und in die Sommerferien<\/span> weiterlesen <span class=\"meta-nav\">&rarr;<\/span><\/a><\/p>\n","protected":false},"author":2,"featured_media":224393,"comment_status":"closed","ping_status":"closed","sticky":false,"template":"","format":"standard","meta":{"ngg_post_thumbnail":0,"_jetpack_memberships_contains_paid_content":false,"footnotes":""},"categories":[1],"tags":[],"class_list":["post-224380","post","type-post","status-publish","format-standard","has-post-thumbnail","hentry","category-allgemein"],"jetpack_featured_media_url":"https:\/\/i0.wp.com\/grundschule-homberg.de\/wp\/wp-content\/uploads\/2023\/07\/yGwXMsbPknCSVqUAZASnjvks-e1690038862119.jpg?fit=320%2C240&ssl=1","jetpack_shortlink":"https:\/\/wp.me\/p3XuEZ-Wn2","jetpack-related-posts":[],"jetpack_sharing_enabled":true,"_links":{"self":[{"href":"https:\/\/grundschule-homberg.de\/wp\/index.php?rest_route=\/wp\/v2\/posts\/224380","targetHints":{"allow":["GET"]}}],"collection":[{"href":"https:\/\/grundschule-homberg.de\/wp\/index.php?rest_route=\/wp\/v2\/posts"}],"about":[{"href":"https:\/\/grundschule-homberg.de\/wp\/index.php?rest_route=\/wp\/v2\/types\/post"}],"author":[{"embeddable":true,"href":"https:\/\/grundschule-homberg.de\/wp\/index.php?rest_route=\/wp\/v2\/users\/2"}],"replies":[{"embeddable":true,"href":"https:\/\/grundschule-homberg.de\/wp\/index.php?rest_route=%2Fwp%2Fv2%2Fcomments&post=224380"}],"version-history":[{"count":1,"href":"https:\/\/grundschule-homberg.de\/wp\/index.php?rest_route=\/wp\/v2\/posts\/224380\/revisions"}],"predecessor-version":[{"id":224394,"href":"https:\/\/grundschule-homberg.de\/wp\/index.php?rest_route=\/wp\/v2\/posts\/224380\/revisions\/224394"}],"wp:featuredmedia":[{"embeddable":true,"href":"https:\/\/grundschule-homberg.de\/wp\/index.php?rest_route=\/wp\/v2\/media\/224393"}],"wp:attachment":[{"href":"https:\/\/grundschule-homberg.de\/wp\/index.php?rest_route=%2Fwp%2Fv2%2Fmedia&parent=224380"}],"wp:term":[{"taxonomy":"category","embeddable":true,"href":"https:\/\/grundschule-homberg.de\/wp\/index.php?rest_route=%2Fwp%2Fv2%2Fcategories&post=224380"},{"taxonomy":"post_tag","embeddable":true,"href":"https:\/\/grundschule-homberg.de\/wp\/index.php?rest_route=%2Fwp%2Fv2%2Ftags&post=224380"}],"curies":[{"name":"wp","href":"https:\/\/api.w.org\/{rel}","templated":true}]}}