{"id":224457,"date":"2023-08-18T09:28:27","date_gmt":"2023-08-18T07:28:27","guid":{"rendered":"https:\/\/grundschule-homberg.de\/wp\/?p=224457"},"modified":"2023-09-08T08:46:46","modified_gmt":"2023-09-08T06:46:46","slug":"achtung-baustellenfahrplan-vb-13","status":"publish","type":"post","link":"https:\/\/grundschule-homberg.de\/wp\/?p=224457","title":{"rendered":"Achtung &#8211; Baustellenfahrplan VB-13"},"content":{"rendered":"<div>\n<p><span style=\"font-family: Calibri,sans-serif; font-size: small;\">Aufgrund einer Bauma\u00dfnahme muss die Linie VB-13 ab 04.09.2023 nach einem Baustellenfahrplan fahren.<\/span><\/p>\n<p><a href=\"https:\/\/grundschule-homberg.de\/wp\/wp-content\/uploads\/2023\/08\/VB-13-Bau-FPL-2023-09-11-markierte-Aenderung.pdf\">VB-13 Bau-FPL &#8211; 2023-09-11 &#8211; markierte \u00c4nderung<\/a><\/p>\n<\/div>\n<div><span style=\"font-family: Calibri,sans-serif; font-size: small;\">Die VB-13 f\u00e4hrt eine gro\u00dfe Umleitung und hat somit ver\u00e4nderte Abfahrts- und Ankunftszeiten. Des Weiteren musste die Haltestellenreihenfolge bei einigen Fahrten ge\u00e4ndert werden.<\/span><\/div>\n<div><span style=\"font-family: Calibri,sans-serif; font-size: small;\">&nbsp;<\/span><\/div>\n<div><span style=\"font-family: Calibri,sans-serif; font-size: small;\">Im Anhang erhalten sie den Baustellenfahrplan mit den markierten \u00c4nderungen.<\/span><\/div>\n","protected":false},"excerpt":{"rendered":"<p>Aufgrund einer Bauma\u00dfnahme muss die Linie VB-13 ab 04.09.2023 nach einem Baustellenfahrplan fahren. VB-13 Bau-FPL &#8211; 2023-09-11 &#8211; markierte \u00c4nderung Die VB-13 f\u00e4hrt eine gro\u00dfe Umleitung und hat somit ver\u00e4nderte Abfahrts- und Ankunftszeiten. Des Weiteren musste die Haltestellenreihenfolge bei einigen Fahrten ge\u00e4ndert werden. &nbsp; Im Anhang erhalten sie den Baustellenfahrplan mit den markierten \u00c4nderungen.<\/p>\n","protected":false},"author":33,"featured_media":224087,"comment_status":"closed","ping_status":"closed","sticky":false,"template":"","format":"standard","meta":{"ngg_post_thumbnail":0,"_jetpack_memberships_contains_paid_content":false,"footnotes":""},"categories":[1,59],"tags":[],"class_list":["post-224457","post","type-post","status-publish","format-standard","has-post-thumbnail","hentry","category-allgemein","category-featured"],"jetpack_featured_media_url":"https:\/\/i0.wp.com\/grundschule-homberg.de\/wp\/wp-content\/uploads\/2020\/10\/cropped-GruSchu-Icon.jpg?fit=512%2C512&ssl=1","jetpack_shortlink":"https:\/\/wp.me\/p3XuEZ-Woh","jetpack-related-posts":[],"jetpack_sharing_enabled":true,"_links":{"self":[{"href":"https:\/\/grundschule-homberg.de\/wp\/index.php?rest_route=\/wp\/v2\/posts\/224457","targetHints":{"allow":["GET"]}}],"collection":[{"href":"https:\/\/grundschule-homberg.de\/wp\/index.php?rest_route=\/wp\/v2\/posts"}],"about":[{"href":"https:\/\/grundschule-homberg.de\/wp\/index.php?rest_route=\/wp\/v2\/types\/post"}],"author":[{"embeddable":true,"href":"https:\/\/grundschule-homberg.de\/wp\/index.php?rest_route=\/wp\/v2\/users\/33"}],"replies":[{"embeddable":true,"href":"https:\/\/grundschule-homberg.de\/wp\/index.php?rest_route=%2Fwp%2Fv2%2Fcomments&post=224457"}],"version-history":[{"count":5,"href":"https:\/\/grundschule-homberg.de\/wp\/index.php?rest_route=\/wp\/v2\/posts\/224457\/revisions"}],"predecessor-version":[{"id":224520,"href":"https:\/\/grundschule-homberg.de\/wp\/index.php?rest_route=\/wp\/v2\/posts\/224457\/revisions\/224520"}],"wp:featuredmedia":[{"embeddable":true,"href":"https:\/\/grundschule-homberg.de\/wp\/index.php?rest_route=\/wp\/v2\/media\/224087"}],"wp:attachment":[{"href":"https:\/\/grundschule-homberg.de\/wp\/index.php?rest_route=%2Fwp%2Fv2%2Fmedia&parent=224457"}],"wp:term":[{"taxonomy":"category","embeddable":true,"href":"https:\/\/grundschule-homberg.de\/wp\/index.php?rest_route=%2Fwp%2Fv2%2Fcategories&post=224457"},{"taxonomy":"post_tag","embeddable":true,"href":"https:\/\/grundschule-homberg.de\/wp\/index.php?rest_route=%2Fwp%2Fv2%2Ftags&post=224457"}],"curies":[{"name":"wp","href":"https:\/\/api.w.org\/{rel}","templated":true}]}}