{"id":224510,"date":"2023-09-05T18:52:49","date_gmt":"2023-09-05T16:52:49","guid":{"rendered":"https:\/\/grundschule-homberg.de\/wp\/?p=224510"},"modified":"2023-09-05T18:52:49","modified_gmt":"2023-09-05T16:52:49","slug":"72-neue-schulkinder-an-der-grundschule-homberg","status":"publish","type":"post","link":"https:\/\/grundschule-homberg.de\/wp\/?p=224510","title":{"rendered":"72 neue Schulkinder an der Grundschule Homberg"},"content":{"rendered":"<p>72 Schulanf\u00e4ngerInnen wurden am 5.9.2023 in vier Klassen der Grundschule Homberg aufgenommen. Bereits am Montagnachmittag trafen sich die Schulkinder und Eltern zu einem \u00f6kumenischen Gottesdienst in der katholischen Kirche. Danach wurden die Klassenzimmer einger\u00e4umt. Eltern und Kinder besichtigten den neuen Klassenraum und brachten sperrige Gegenst\u00e4nde wir Turnbeutel, Mappe und Kunstkiste bereits in die Schule.&nbsp;<\/p>\n<p>Am Dienstagvormittag trafen sich dann alle Schulanf\u00e4ngerkinder mit ihren Familien auf der Wiese hinter der Turnhalle.&nbsp;<\/p>\n<p>Als erstes Begr\u00fc\u00dfte der Schulchor mit dem \u201eKatzentanzlied \u201c.<\/p>\n<p><a href=\"https:\/\/i0.wp.com\/grundschule-homberg.de\/wp\/wp-content\/uploads\/2023\/09\/IMG-20230905-WA0006.jpg?ssl=1\"><img data-recalc-dims=\"1\" loading=\"lazy\" decoding=\"async\" class=\"size-medium wp-image-224514 alignleft\" src=\"https:\/\/i0.wp.com\/grundschule-homberg.de\/wp\/wp-content\/uploads\/2023\/09\/IMG-20230905-WA0006.jpg?resize=225%2C300&#038;ssl=1\" alt=\"\" width=\"225\" height=\"300\" srcset=\"https:\/\/i0.wp.com\/grundschule-homberg.de\/wp\/wp-content\/uploads\/2023\/09\/IMG-20230905-WA0006.jpg?resize=225%2C300&amp;ssl=1 225w, https:\/\/i0.wp.com\/grundschule-homberg.de\/wp\/wp-content\/uploads\/2023\/09\/IMG-20230905-WA0006.jpg?resize=768%2C1024&amp;ssl=1 768w, https:\/\/i0.wp.com\/grundschule-homberg.de\/wp\/wp-content\/uploads\/2023\/09\/IMG-20230905-WA0006.jpg?resize=113%2C150&amp;ssl=1 113w, https:\/\/i0.wp.com\/grundschule-homberg.de\/wp\/wp-content\/uploads\/2023\/09\/IMG-20230905-WA0006.jpg?resize=1152%2C1536&amp;ssl=1 1152w, https:\/\/i0.wp.com\/grundschule-homberg.de\/wp\/wp-content\/uploads\/2023\/09\/IMG-20230905-WA0006.jpg?w=1512&amp;ssl=1 1512w, https:\/\/i0.wp.com\/grundschule-homberg.de\/wp\/wp-content\/uploads\/2023\/09\/IMG-20230905-WA0006.jpg?w=1208&amp;ssl=1 1208w\" sizes=\"auto, (max-width: 225px) 100vw, 225px\" \/><\/a><\/p>\n<p>Nach einer kurzen Ansprache der Schulleiterin sangen die Kinder der Klasse 2b das Bewegungslied &#8222;unsere Schule&#8220;, das gro\u00dfen Applaus erntete. F\u00fcr Bewegung sorgten dann die Klassen 2a und c mit einem Sporttanz. Danach wurden alle Kinder klassenweise namentlich aufgerufen und jeweils mit Applaus und guten W\u00fcnschen verabschiedet. Bei ihrem Weg \u00fcber den Schulhof wurden die &#8222;Neuen&#8220; auch von den gro\u00dfen Schulkindern begr\u00fc\u00dft.&nbsp;<\/p>\n<p>&nbsp;<\/p>\n<p>&nbsp;<\/p>\n<p><a href=\"https:\/\/i0.wp.com\/grundschule-homberg.de\/wp\/wp-content\/uploads\/2023\/09\/IMG-20230905-WA0007.jpg?ssl=1\"><img data-recalc-dims=\"1\" loading=\"lazy\" decoding=\"async\" class=\"size-medium wp-image-224515 alignright\" src=\"https:\/\/i0.wp.com\/grundschule-homberg.de\/wp\/wp-content\/uploads\/2023\/09\/IMG-20230905-WA0007.jpg?resize=225%2C300&#038;ssl=1\" alt=\"\" width=\"225\" height=\"300\" srcset=\"https:\/\/i0.wp.com\/grundschule-homberg.de\/wp\/wp-content\/uploads\/2023\/09\/IMG-20230905-WA0007.jpg?resize=225%2C300&amp;ssl=1 225w, https:\/\/i0.wp.com\/grundschule-homberg.de\/wp\/wp-content\/uploads\/2023\/09\/IMG-20230905-WA0007.jpg?resize=768%2C1024&amp;ssl=1 768w, https:\/\/i0.wp.com\/grundschule-homberg.de\/wp\/wp-content\/uploads\/2023\/09\/IMG-20230905-WA0007.jpg?resize=113%2C150&amp;ssl=1 113w, https:\/\/i0.wp.com\/grundschule-homberg.de\/wp\/wp-content\/uploads\/2023\/09\/IMG-20230905-WA0007.jpg?resize=1152%2C1536&amp;ssl=1 1152w, https:\/\/i0.wp.com\/grundschule-homberg.de\/wp\/wp-content\/uploads\/2023\/09\/IMG-20230905-WA0007.jpg?w=1512&amp;ssl=1 1512w, https:\/\/i0.wp.com\/grundschule-homberg.de\/wp\/wp-content\/uploads\/2023\/09\/IMG-20230905-WA0007.jpg?w=1208&amp;ssl=1 1208w\" sizes=\"auto, (max-width: 225px) 100vw, 225px\" \/><\/a><\/p>\n<p>Der Einschulungstag endete um 12.00 Uhr. Hier konnten die Eltern ihre stolzen Schulkinder wieder in Empfang nehmen.&nbsp;<\/p>\n<p>Eingeschult wurden:<\/p>\n<p>Vorklasse: 14 Kinder, Frau Elke Reichel<\/p>\n<p>1a:&nbsp; 19 Kinder, Frau Silke Boyens<\/p>\n<p>1b: &nbsp;20 Kinder, Frau Heike Frank-Arens<\/p>\n<p>1c: 19 Kinder, Frau Katja Vogelsberg<\/p>\n<p><a href=\"https:\/\/i0.wp.com\/grundschule-homberg.de\/wp\/wp-content\/uploads\/2023\/09\/IMG-20230905-WA0002.jpg?ssl=1\"><img data-recalc-dims=\"1\" loading=\"lazy\" decoding=\"async\" class=\"alignnone size-medium wp-image-224513\" src=\"https:\/\/i0.wp.com\/grundschule-homberg.de\/wp\/wp-content\/uploads\/2023\/09\/IMG-20230905-WA0002.jpg?resize=300%2C225&#038;ssl=1\" alt=\"\" width=\"300\" height=\"225\"><\/a><\/p>\n","protected":false},"excerpt":{"rendered":"<p>72 Schulanf\u00e4ngerInnen wurden am 5.9.2023 in vier Klassen der Grundschule Homberg aufgenommen. Bereits am Montagnachmittag trafen sich die Schulkinder und Eltern zu einem \u00f6kumenischen Gottesdienst in der katholischen Kirche. Danach wurden die Klassenzimmer einger\u00e4umt. Eltern und Kinder besichtigten den neuen Klassenraum und brachten sperrige Gegenst\u00e4nde wir Turnbeutel, Mappe und Kunstkiste bereits in die Schule.&nbsp; Am &hellip; <a href=\"https:\/\/grundschule-homberg.de\/wp\/?p=224510\" class=\"more-link\"><span class=\"screen-reader-text\">72 neue Schulkinder an der Grundschule Homberg<\/span> weiterlesen <span class=\"meta-nav\">&rarr;<\/span><\/a><\/p>\n","protected":false},"author":2,"featured_media":224513,"comment_status":"closed","ping_status":"closed","sticky":false,"template":"","format":"standard","meta":{"ngg_post_thumbnail":0,"_jetpack_memberships_contains_paid_content":false,"footnotes":""},"categories":[1],"tags":[],"class_list":["post-224510","post","type-post","status-publish","format-standard","has-post-thumbnail","hentry","category-allgemein"],"jetpack_featured_media_url":"https:\/\/i0.wp.com\/grundschule-homberg.de\/wp\/wp-content\/uploads\/2023\/09\/IMG-20230905-WA0002-e1693932719470.jpg?fit=1880%2C1040&ssl=1","jetpack_shortlink":"https:\/\/wp.me\/p3XuEZ-Wp8","jetpack-related-posts":[],"jetpack_sharing_enabled":true,"_links":{"self":[{"href":"https:\/\/grundschule-homberg.de\/wp\/index.php?rest_route=\/wp\/v2\/posts\/224510","targetHints":{"allow":["GET"]}}],"collection":[{"href":"https:\/\/grundschule-homberg.de\/wp\/index.php?rest_route=\/wp\/v2\/posts"}],"about":[{"href":"https:\/\/grundschule-homberg.de\/wp\/index.php?rest_route=\/wp\/v2\/types\/post"}],"author":[{"embeddable":true,"href":"https:\/\/grundschule-homberg.de\/wp\/index.php?rest_route=\/wp\/v2\/users\/2"}],"replies":[{"embeddable":true,"href":"https:\/\/grundschule-homberg.de\/wp\/index.php?rest_route=%2Fwp%2Fv2%2Fcomments&post=224510"}],"version-history":[{"count":2,"href":"https:\/\/grundschule-homberg.de\/wp\/index.php?rest_route=\/wp\/v2\/posts\/224510\/revisions"}],"predecessor-version":[{"id":224516,"href":"https:\/\/grundschule-homberg.de\/wp\/index.php?rest_route=\/wp\/v2\/posts\/224510\/revisions\/224516"}],"wp:featuredmedia":[{"embeddable":true,"href":"https:\/\/grundschule-homberg.de\/wp\/index.php?rest_route=\/wp\/v2\/media\/224513"}],"wp:attachment":[{"href":"https:\/\/grundschule-homberg.de\/wp\/index.php?rest_route=%2Fwp%2Fv2%2Fmedia&parent=224510"}],"wp:term":[{"taxonomy":"category","embeddable":true,"href":"https:\/\/grundschule-homberg.de\/wp\/index.php?rest_route=%2Fwp%2Fv2%2Fcategories&post=224510"},{"taxonomy":"post_tag","embeddable":true,"href":"https:\/\/grundschule-homberg.de\/wp\/index.php?rest_route=%2Fwp%2Fv2%2Ftags&post=224510"}],"curies":[{"name":"wp","href":"https:\/\/api.w.org\/{rel}","templated":true}]}}