{"id":224678,"date":"2024-02-19T13:56:37","date_gmt":"2024-02-19T12:56:37","guid":{"rendered":"https:\/\/grundschule-homberg.de\/wp\/?p=224678"},"modified":"2024-02-19T14:19:56","modified_gmt":"2024-02-19T13:19:56","slug":"fasching-2024","status":"publish","type":"post","link":"https:\/\/grundschule-homberg.de\/wp\/?p=224678","title":{"rendered":"Fasching 2024"},"content":{"rendered":"<p>ngg_shortcode_0_placeholderAm Dienstag, den 13.2.2024 fand unsere gro\u00dfe Faschingsparty in der Turnhalle statt.<\/p>\n<p>Dank Andreas Sinke, der wortgewandt durchs Programm f\u00fchrte und Thomas&nbsp; Weiser, der uns seine Musikanlage zur Verf\u00fcgung gestellt hatte, wurde die Feier ein Riesenhit.&nbsp;<\/p>\n<p>Neben dem Schulchor traten die Nieder-Ofleidener Tanzgruppe, eine Tanzgruppe der M\u00e4dchen aus der Klasse 4c und das Lehrerkollegium auf.&nbsp;<\/p>\n<p>Die Gesamtleitung hatte wie jedes Jahr Frau Schombert.<\/p>\n<p>Vielen Dank an alle, die diesen Tag so sch\u00f6n gemacht haben!&nbsp;<\/p>\n","protected":false},"excerpt":{"rendered":"<p>Am Dienstag, den 13.2.2024 fand unsere gro\u00dfe Faschingsparty in der Turnhalle statt. Dank Andreas Sinke, der wortgewandt durchs Programm f\u00fchrte und Thomas&nbsp; Weiser, der uns seine Musikanlage zur Verf\u00fcgung gestellt hatte, wurde die Feier ein Riesenhit.&nbsp; Neben dem Schulchor traten die Nieder-Ofleidener Tanzgruppe, eine Tanzgruppe der M\u00e4dchen aus der Klasse 4c und das Lehrerkollegium auf.&nbsp; &hellip; <a href=\"https:\/\/grundschule-homberg.de\/wp\/?p=224678\" class=\"more-link\"><span class=\"screen-reader-text\">Fasching 2024<\/span> weiterlesen <span class=\"meta-nav\">&rarr;<\/span><\/a><\/p>\n","protected":false},"author":2,"featured_media":224680,"comment_status":"closed","ping_status":"closed","sticky":false,"template":"","format":"standard","meta":{"ngg_post_thumbnail":0,"_jetpack_memberships_contains_paid_content":false,"footnotes":""},"categories":[1],"tags":[],"class_list":["post-224678","post","type-post","status-publish","format-standard","has-post-thumbnail","hentry","category-allgemein"],"jetpack_featured_media_url":"https:\/\/i0.wp.com\/grundschule-homberg.de\/wp\/wp-content\/uploads\/2024\/02\/20240213_105930-scaled.jpg?fit=2560%2C1920&ssl=1","jetpack_shortlink":"https:\/\/wp.me\/p3XuEZ-WrQ","jetpack-related-posts":[],"jetpack_sharing_enabled":true,"_links":{"self":[{"href":"https:\/\/grundschule-homberg.de\/wp\/index.php?rest_route=\/wp\/v2\/posts\/224678","targetHints":{"allow":["GET"]}}],"collection":[{"href":"https:\/\/grundschule-homberg.de\/wp\/index.php?rest_route=\/wp\/v2\/posts"}],"about":[{"href":"https:\/\/grundschule-homberg.de\/wp\/index.php?rest_route=\/wp\/v2\/types\/post"}],"author":[{"embeddable":true,"href":"https:\/\/grundschule-homberg.de\/wp\/index.php?rest_route=\/wp\/v2\/users\/2"}],"replies":[{"embeddable":true,"href":"https:\/\/grundschule-homberg.de\/wp\/index.php?rest_route=%2Fwp%2Fv2%2Fcomments&post=224678"}],"version-history":[{"count":1,"href":"https:\/\/grundschule-homberg.de\/wp\/index.php?rest_route=\/wp\/v2\/posts\/224678\/revisions"}],"predecessor-version":[{"id":224681,"href":"https:\/\/grundschule-homberg.de\/wp\/index.php?rest_route=\/wp\/v2\/posts\/224678\/revisions\/224681"}],"wp:featuredmedia":[{"embeddable":true,"href":"https:\/\/grundschule-homberg.de\/wp\/index.php?rest_route=\/wp\/v2\/media\/224680"}],"wp:attachment":[{"href":"https:\/\/grundschule-homberg.de\/wp\/index.php?rest_route=%2Fwp%2Fv2%2Fmedia&parent=224678"}],"wp:term":[{"taxonomy":"category","embeddable":true,"href":"https:\/\/grundschule-homberg.de\/wp\/index.php?rest_route=%2Fwp%2Fv2%2Fcategories&post=224678"},{"taxonomy":"post_tag","embeddable":true,"href":"https:\/\/grundschule-homberg.de\/wp\/index.php?rest_route=%2Fwp%2Fv2%2Ftags&post=224678"}],"curies":[{"name":"wp","href":"https:\/\/api.w.org\/{rel}","templated":true}]}}