{"id":224701,"date":"2024-03-12T12:26:35","date_gmt":"2024-03-12T11:26:35","guid":{"rendered":"https:\/\/grundschule-homberg.de\/wp\/?p=224701"},"modified":"2024-03-12T12:41:24","modified_gmt":"2024-03-12T11:41:24","slug":"vb-71-geaenderter-fahrplan-ab-18-03-2024","status":"publish","type":"post","link":"https:\/\/grundschule-homberg.de\/wp\/?p=224701","title":{"rendered":"VB-71 ge\u00e4nderter Fahrplan ab 18.03.2024"},"content":{"rendered":"<div><span style=\"font-family: Calibri,sans-serif; font-size: small;\">Ab dem <b>18.03.2024<\/b>&nbsp;bis voraussichtlich 13.09.2024 wird die Br\u00fccke der L3146 bei Gem\u00fcnden-R\u00fclfenrod bebaut.<\/span><\/div>\n<div><span style=\"font-family: Calibri,sans-serif; font-size: small;\">Aus diesem Grund ist es notwendig den Fahrplan der&nbsp;<b>VB-71 anzupassen.<br \/>\n<\/b><\/span><\/div>\n<div>&nbsp;<\/div>\n<div><a href=\"https:\/\/grundschule-homberg.de\/wp\/wp-content\/uploads\/2024\/03\/VGO_VB-71_ab_2024-03-18_Bau-1.pdf\">VGO_VB-71_ab_2024-03-18_Bau (1)<\/a><\/div>\n","protected":false},"excerpt":{"rendered":"<p>Ab dem 18.03.2024&nbsp;bis voraussichtlich 13.09.2024 wird die Br\u00fccke der L3146 bei Gem\u00fcnden-R\u00fclfenrod bebaut. Aus diesem Grund ist es notwendig den Fahrplan der&nbsp;VB-71 anzupassen. &nbsp; VGO_VB-71_ab_2024-03-18_Bau (1)<\/p>\n","protected":false},"author":33,"featured_media":224087,"comment_status":"closed","ping_status":"closed","sticky":false,"template":"","format":"standard","meta":{"ngg_post_thumbnail":0,"_jetpack_memberships_contains_paid_content":false,"footnotes":""},"categories":[1],"tags":[],"class_list":["post-224701","post","type-post","status-publish","format-standard","has-post-thumbnail","hentry","category-allgemein"],"jetpack_featured_media_url":"https:\/\/i0.wp.com\/grundschule-homberg.de\/wp\/wp-content\/uploads\/2020\/10\/cropped-GruSchu-Icon.jpg?fit=512%2C512&ssl=1","jetpack_shortlink":"https:\/\/wp.me\/p3XuEZ-Wsd","jetpack-related-posts":[],"jetpack_sharing_enabled":true,"_links":{"self":[{"href":"https:\/\/grundschule-homberg.de\/wp\/index.php?rest_route=\/wp\/v2\/posts\/224701","targetHints":{"allow":["GET"]}}],"collection":[{"href":"https:\/\/grundschule-homberg.de\/wp\/index.php?rest_route=\/wp\/v2\/posts"}],"about":[{"href":"https:\/\/grundschule-homberg.de\/wp\/index.php?rest_route=\/wp\/v2\/types\/post"}],"author":[{"embeddable":true,"href":"https:\/\/grundschule-homberg.de\/wp\/index.php?rest_route=\/wp\/v2\/users\/33"}],"replies":[{"embeddable":true,"href":"https:\/\/grundschule-homberg.de\/wp\/index.php?rest_route=%2Fwp%2Fv2%2Fcomments&post=224701"}],"version-history":[{"count":2,"href":"https:\/\/grundschule-homberg.de\/wp\/index.php?rest_route=\/wp\/v2\/posts\/224701\/revisions"}],"predecessor-version":[{"id":224704,"href":"https:\/\/grundschule-homberg.de\/wp\/index.php?rest_route=\/wp\/v2\/posts\/224701\/revisions\/224704"}],"wp:featuredmedia":[{"embeddable":true,"href":"https:\/\/grundschule-homberg.de\/wp\/index.php?rest_route=\/wp\/v2\/media\/224087"}],"wp:attachment":[{"href":"https:\/\/grundschule-homberg.de\/wp\/index.php?rest_route=%2Fwp%2Fv2%2Fmedia&parent=224701"}],"wp:term":[{"taxonomy":"category","embeddable":true,"href":"https:\/\/grundschule-homberg.de\/wp\/index.php?rest_route=%2Fwp%2Fv2%2Fcategories&post=224701"},{"taxonomy":"post_tag","embeddable":true,"href":"https:\/\/grundschule-homberg.de\/wp\/index.php?rest_route=%2Fwp%2Fv2%2Ftags&post=224701"}],"curies":[{"name":"wp","href":"https:\/\/api.w.org\/{rel}","templated":true}]}}