{"id":224840,"date":"2024-06-25T18:45:01","date_gmt":"2024-06-25T16:45:01","guid":{"rendered":"https:\/\/grundschule-homberg.de\/wp\/?p=224840"},"modified":"2024-06-25T19:14:35","modified_gmt":"2024-06-25T17:14:35","slug":"naschgarten-als-pausenareal-eroeffnet","status":"publish","type":"post","link":"https:\/\/grundschule-homberg.de\/wp\/?p=224840","title":{"rendered":"Naschgarten als Pausenareal er\u00f6ffnet"},"content":{"rendered":"<p>Am letzten Montag gab es eine Neuerung f\u00fcr die Pausengestaltung. Nach \u00fcber einem Jahr Arbeit konnte der Naschgarten als ruhige Pausenzone seine Pforten \u00f6ffnen.&nbsp;<\/p>\n<p>Mit Geldern des F\u00f6rdervereins und ganz viel Arbeit der Kinder der Garten-AG ist der Naschgarten im Laufe des Schuljahres sch\u00f6n bepflanzt worden mit Nutz-, Zier- und Wildpflanzen.&nbsp; Auch ein \u00fcberdachter Bereich zum Sitzen als &#8222;Klassenraum im Gr\u00fcnen&#8220; kann nun genutzt werden. <a href=\"https:\/\/i0.wp.com\/grundschule-homberg.de\/wp\/wp-content\/uploads\/2024\/06\/IMG_20240617_093607-scaled.jpg?ssl=1\"><img data-recalc-dims=\"1\" loading=\"lazy\" decoding=\"async\" class=\"size-medium wp-image-224841 alignleft\" src=\"https:\/\/i0.wp.com\/grundschule-homberg.de\/wp\/wp-content\/uploads\/2024\/06\/IMG_20240617_093607.jpg?resize=225%2C300&#038;ssl=1\" alt=\"\" width=\"225\" height=\"300\" srcset=\"https:\/\/i0.wp.com\/grundschule-homberg.de\/wp\/wp-content\/uploads\/2024\/06\/IMG_20240617_093607-scaled.jpg?resize=225%2C300&amp;ssl=1 225w, https:\/\/i0.wp.com\/grundschule-homberg.de\/wp\/wp-content\/uploads\/2024\/06\/IMG_20240617_093607-scaled.jpg?resize=768%2C1024&amp;ssl=1 768w, https:\/\/i0.wp.com\/grundschule-homberg.de\/wp\/wp-content\/uploads\/2024\/06\/IMG_20240617_093607-scaled.jpg?resize=113%2C150&amp;ssl=1 113w, https:\/\/i0.wp.com\/grundschule-homberg.de\/wp\/wp-content\/uploads\/2024\/06\/IMG_20240617_093607-scaled.jpg?resize=1152%2C1536&amp;ssl=1 1152w, https:\/\/i0.wp.com\/grundschule-homberg.de\/wp\/wp-content\/uploads\/2024\/06\/IMG_20240617_093607-scaled.jpg?resize=1536%2C2048&amp;ssl=1 1536w, https:\/\/i0.wp.com\/grundschule-homberg.de\/wp\/wp-content\/uploads\/2024\/06\/IMG_20240617_093607-scaled.jpg?w=1920&amp;ssl=1 1920w, https:\/\/i0.wp.com\/grundschule-homberg.de\/wp\/wp-content\/uploads\/2024\/06\/IMG_20240617_093607-scaled.jpg?w=1208&amp;ssl=1 1208w, https:\/\/i0.wp.com\/grundschule-homberg.de\/wp\/wp-content\/uploads\/2024\/06\/IMG_20240617_093607-scaled.jpg?w=1812&amp;ssl=1 1812w\" sizes=\"auto, (max-width: 225px) 100vw, 225px\" \/><\/a><\/p>\n<p>Im Naschgarten soll es ruhig zugehen. So ist das Rennen und Toben nicht erlaubt. Blumen sind als Bienennahrung gedacht und d\u00fcrfen daher nicht gepfl\u00fcckt werden.&nbsp;<\/p>\n<p>&nbsp;<\/p>\n<p>&nbsp;<\/p>\n<p>&nbsp;<\/p>\n<p>Die erste Beerenernte wurde bereits von den Kindern der Garten-AG eingefahren.<a href=\"https:\/\/i0.wp.com\/grundschule-homberg.de\/wp\/wp-content\/uploads\/2024\/06\/IMG_20240617_093633-1-scaled.jpg?ssl=1\"><img data-recalc-dims=\"1\" loading=\"lazy\" decoding=\"async\" class=\"size-medium wp-image-224859 alignright\" src=\"https:\/\/i0.wp.com\/grundschule-homberg.de\/wp\/wp-content\/uploads\/2024\/06\/IMG_20240617_093633-1.jpg?resize=300%2C225&#038;ssl=1\" alt=\"\" width=\"300\" height=\"225\" srcset=\"https:\/\/i0.wp.com\/grundschule-homberg.de\/wp\/wp-content\/uploads\/2024\/06\/IMG_20240617_093633-1-scaled.jpg?resize=300%2C225&amp;ssl=1 300w, https:\/\/i0.wp.com\/grundschule-homberg.de\/wp\/wp-content\/uploads\/2024\/06\/IMG_20240617_093633-1-scaled.jpg?resize=1024%2C768&amp;ssl=1 1024w, https:\/\/i0.wp.com\/grundschule-homberg.de\/wp\/wp-content\/uploads\/2024\/06\/IMG_20240617_093633-1-scaled.jpg?resize=150%2C113&amp;ssl=1 150w, https:\/\/i0.wp.com\/grundschule-homberg.de\/wp\/wp-content\/uploads\/2024\/06\/IMG_20240617_093633-1-scaled.jpg?resize=768%2C576&amp;ssl=1 768w, https:\/\/i0.wp.com\/grundschule-homberg.de\/wp\/wp-content\/uploads\/2024\/06\/IMG_20240617_093633-1-scaled.jpg?resize=1536%2C1152&amp;ssl=1 1536w, https:\/\/i0.wp.com\/grundschule-homberg.de\/wp\/wp-content\/uploads\/2024\/06\/IMG_20240617_093633-1-scaled.jpg?resize=2048%2C1536&amp;ssl=1 2048w, https:\/\/i0.wp.com\/grundschule-homberg.de\/wp\/wp-content\/uploads\/2024\/06\/IMG_20240617_093633-1-scaled.jpg?w=1208&amp;ssl=1 1208w, https:\/\/i0.wp.com\/grundschule-homberg.de\/wp\/wp-content\/uploads\/2024\/06\/IMG_20240617_093633-1-scaled.jpg?w=1812&amp;ssl=1 1812w\" sizes=\"auto, (max-width: 300px) 100vw, 300px\" \/><\/a> <a href=\"https:\/\/i0.wp.com\/grundschule-homberg.de\/wp\/wp-content\/uploads\/2024\/06\/IMG_20240617_093557-1-scaled.jpg?ssl=1\"><img data-recalc-dims=\"1\" loading=\"lazy\" decoding=\"async\" class=\"size-medium wp-image-224858 alignnone\" src=\"https:\/\/i0.wp.com\/grundschule-homberg.de\/wp\/wp-content\/uploads\/2024\/06\/IMG_20240617_093557-1.jpg?resize=225%2C300&#038;ssl=1\" alt=\"\" width=\"225\" height=\"300\" srcset=\"https:\/\/i0.wp.com\/grundschule-homberg.de\/wp\/wp-content\/uploads\/2024\/06\/IMG_20240617_093557-1-scaled.jpg?resize=225%2C300&amp;ssl=1 225w, https:\/\/i0.wp.com\/grundschule-homberg.de\/wp\/wp-content\/uploads\/2024\/06\/IMG_20240617_093557-1-scaled.jpg?resize=768%2C1024&amp;ssl=1 768w, https:\/\/i0.wp.com\/grundschule-homberg.de\/wp\/wp-content\/uploads\/2024\/06\/IMG_20240617_093557-1-scaled.jpg?resize=113%2C150&amp;ssl=1 113w, https:\/\/i0.wp.com\/grundschule-homberg.de\/wp\/wp-content\/uploads\/2024\/06\/IMG_20240617_093557-1-scaled.jpg?resize=1152%2C1536&amp;ssl=1 1152w, https:\/\/i0.wp.com\/grundschule-homberg.de\/wp\/wp-content\/uploads\/2024\/06\/IMG_20240617_093557-1-scaled.jpg?resize=1536%2C2048&amp;ssl=1 1536w, https:\/\/i0.wp.com\/grundschule-homberg.de\/wp\/wp-content\/uploads\/2024\/06\/IMG_20240617_093557-1-scaled.jpg?w=1920&amp;ssl=1 1920w, https:\/\/i0.wp.com\/grundschule-homberg.de\/wp\/wp-content\/uploads\/2024\/06\/IMG_20240617_093557-1-scaled.jpg?w=1208&amp;ssl=1 1208w, https:\/\/i0.wp.com\/grundschule-homberg.de\/wp\/wp-content\/uploads\/2024\/06\/IMG_20240617_093557-1-scaled.jpg?w=1812&amp;ssl=1 1812w\" sizes=\"auto, (max-width: 225px) 100vw, 225px\" \/><\/a><\/p>\n<p>Vielen Dank an die AG-Leiterinnen Annegret Reichel und Brigitte Biedenkapp, die sich mit gro\u00dfem Engagement um den Garten k\u00fcmmern.&nbsp;<\/p>\n","protected":false},"excerpt":{"rendered":"<p>Am letzten Montag gab es eine Neuerung f\u00fcr die Pausengestaltung. Nach \u00fcber einem Jahr Arbeit konnte der Naschgarten als ruhige Pausenzone seine Pforten \u00f6ffnen.&nbsp; Mit Geldern des F\u00f6rdervereins und ganz viel Arbeit der Kinder der Garten-AG ist der Naschgarten im Laufe des Schuljahres sch\u00f6n bepflanzt worden mit Nutz-, Zier- und Wildpflanzen.&nbsp; Auch ein \u00fcberdachter Bereich &hellip; <a href=\"https:\/\/grundschule-homberg.de\/wp\/?p=224840\" class=\"more-link\"><span class=\"screen-reader-text\">Naschgarten als Pausenareal er\u00f6ffnet<\/span> weiterlesen <span class=\"meta-nav\">&rarr;<\/span><\/a><\/p>\n","protected":false},"author":2,"featured_media":224843,"comment_status":"closed","ping_status":"closed","sticky":false,"template":"","format":"standard","meta":{"ngg_post_thumbnail":0,"_jetpack_memberships_contains_paid_content":false,"footnotes":""},"categories":[1],"tags":[],"class_list":["post-224840","post","type-post","status-publish","format-standard","has-post-thumbnail","hentry","category-allgemein"],"jetpack_featured_media_url":"https:\/\/i0.wp.com\/grundschule-homberg.de\/wp\/wp-content\/uploads\/2024\/06\/IMG_20240617_093645-scaled.jpg?fit=2560%2C1920&ssl=1","jetpack_shortlink":"https:\/\/wp.me\/p3XuEZ-Wus","jetpack-related-posts":[],"jetpack_sharing_enabled":true,"_links":{"self":[{"href":"https:\/\/grundschule-homberg.de\/wp\/index.php?rest_route=\/wp\/v2\/posts\/224840","targetHints":{"allow":["GET"]}}],"collection":[{"href":"https:\/\/grundschule-homberg.de\/wp\/index.php?rest_route=\/wp\/v2\/posts"}],"about":[{"href":"https:\/\/grundschule-homberg.de\/wp\/index.php?rest_route=\/wp\/v2\/types\/post"}],"author":[{"embeddable":true,"href":"https:\/\/grundschule-homberg.de\/wp\/index.php?rest_route=\/wp\/v2\/users\/2"}],"replies":[{"embeddable":true,"href":"https:\/\/grundschule-homberg.de\/wp\/index.php?rest_route=%2Fwp%2Fv2%2Fcomments&post=224840"}],"version-history":[{"count":3,"href":"https:\/\/grundschule-homberg.de\/wp\/index.php?rest_route=\/wp\/v2\/posts\/224840\/revisions"}],"predecessor-version":[{"id":224861,"href":"https:\/\/grundschule-homberg.de\/wp\/index.php?rest_route=\/wp\/v2\/posts\/224840\/revisions\/224861"}],"wp:featuredmedia":[{"embeddable":true,"href":"https:\/\/grundschule-homberg.de\/wp\/index.php?rest_route=\/wp\/v2\/media\/224843"}],"wp:attachment":[{"href":"https:\/\/grundschule-homberg.de\/wp\/index.php?rest_route=%2Fwp%2Fv2%2Fmedia&parent=224840"}],"wp:term":[{"taxonomy":"category","embeddable":true,"href":"https:\/\/grundschule-homberg.de\/wp\/index.php?rest_route=%2Fwp%2Fv2%2Fcategories&post=224840"},{"taxonomy":"post_tag","embeddable":true,"href":"https:\/\/grundschule-homberg.de\/wp\/index.php?rest_route=%2Fwp%2Fv2%2Ftags&post=224840"}],"curies":[{"name":"wp","href":"https:\/\/api.w.org\/{rel}","templated":true}]}}