{"id":224849,"date":"2024-06-25T19:03:52","date_gmt":"2024-06-25T17:03:52","guid":{"rendered":"https:\/\/grundschule-homberg.de\/wp\/?p=224849"},"modified":"2024-06-25T19:06:45","modified_gmt":"2024-06-25T17:06:45","slug":"antolin-lesesieger-geehrt","status":"publish","type":"post","link":"https:\/\/grundschule-homberg.de\/wp\/?p=224849","title":{"rendered":"Antolin-Lesesieger geehrt"},"content":{"rendered":"<p>Am Dienstag, den 25. Juni wurden alle Klassensieger des Antolin-Lesewettbewerbs ausgezeichnet. Der Vogelsbergkreis lud alle Klassensieger der Stufen 1-6&nbsp; nach Lauterbach in die Eichbergschule ein.&nbsp;<\/p>\n<p><a href=\"https:\/\/i0.wp.com\/grundschule-homberg.de\/wp\/wp-content\/uploads\/2024\/06\/IMG_20240625_093847-2-scaled.jpg?ssl=1\"><img data-recalc-dims=\"1\" loading=\"lazy\" decoding=\"async\" class=\"alignnone size-medium wp-image-224851\" src=\"https:\/\/i0.wp.com\/grundschule-homberg.de\/wp\/wp-content\/uploads\/2024\/06\/IMG_20240625_093847-2.jpg?resize=273%2C300&#038;ssl=1\" alt=\"\" width=\"273\" height=\"300\" srcset=\"https:\/\/i0.wp.com\/grundschule-homberg.de\/wp\/wp-content\/uploads\/2024\/06\/IMG_20240625_093847-2-scaled.jpg?resize=273%2C300&amp;ssl=1 273w, https:\/\/i0.wp.com\/grundschule-homberg.de\/wp\/wp-content\/uploads\/2024\/06\/IMG_20240625_093847-2-scaled.jpg?resize=930%2C1024&amp;ssl=1 930w, https:\/\/i0.wp.com\/grundschule-homberg.de\/wp\/wp-content\/uploads\/2024\/06\/IMG_20240625_093847-2-scaled.jpg?resize=136%2C150&amp;ssl=1 136w, https:\/\/i0.wp.com\/grundschule-homberg.de\/wp\/wp-content\/uploads\/2024\/06\/IMG_20240625_093847-2-scaled.jpg?resize=768%2C845&amp;ssl=1 768w, https:\/\/i0.wp.com\/grundschule-homberg.de\/wp\/wp-content\/uploads\/2024\/06\/IMG_20240625_093847-2-scaled.jpg?resize=1395%2C1536&amp;ssl=1 1395w, https:\/\/i0.wp.com\/grundschule-homberg.de\/wp\/wp-content\/uploads\/2024\/06\/IMG_20240625_093847-2-scaled.jpg?resize=1861%2C2048&amp;ssl=1 1861w, https:\/\/i0.wp.com\/grundschule-homberg.de\/wp\/wp-content\/uploads\/2024\/06\/IMG_20240625_093847-2-scaled.jpg?w=1208&amp;ssl=1 1208w\" sizes=\"auto, (max-width: 273px) 100vw, 273px\" \/><\/a><\/p>\n<p>Nach einer spannenden Lesung mit dem drei ???-Autor Christoph Dittert und einer anschlie\u00dfenden Fragestunde an den Schriftsteller gab es f\u00fcr alle Kinder ein kleines Fr\u00fchst\u00fcck. Im Anschluss wurden die besten Kinder der Jahrg<a href=\"https:\/\/i0.wp.com\/grundschule-homberg.de\/wp\/wp-content\/uploads\/2024\/06\/IMG_20240625_112022-scaled.jpg?ssl=1\"><img data-recalc-dims=\"1\" loading=\"lazy\" decoding=\"async\" class=\"size-medium wp-image-224853 alignright\" src=\"https:\/\/i0.wp.com\/grundschule-homberg.de\/wp\/wp-content\/uploads\/2024\/06\/IMG_20240625_112022.jpg?resize=300%2C225&#038;ssl=1\" alt=\"\" width=\"300\" height=\"225\" srcset=\"https:\/\/i0.wp.com\/grundschule-homberg.de\/wp\/wp-content\/uploads\/2024\/06\/IMG_20240625_112022-scaled.jpg?resize=300%2C225&amp;ssl=1 300w, https:\/\/i0.wp.com\/grundschule-homberg.de\/wp\/wp-content\/uploads\/2024\/06\/IMG_20240625_112022-scaled.jpg?resize=1024%2C768&amp;ssl=1 1024w, https:\/\/i0.wp.com\/grundschule-homberg.de\/wp\/wp-content\/uploads\/2024\/06\/IMG_20240625_112022-scaled.jpg?resize=150%2C113&amp;ssl=1 150w, https:\/\/i0.wp.com\/grundschule-homberg.de\/wp\/wp-content\/uploads\/2024\/06\/IMG_20240625_112022-scaled.jpg?resize=768%2C576&amp;ssl=1 768w, https:\/\/i0.wp.com\/grundschule-homberg.de\/wp\/wp-content\/uploads\/2024\/06\/IMG_20240625_112022-scaled.jpg?resize=1536%2C1152&amp;ssl=1 1536w, https:\/\/i0.wp.com\/grundschule-homberg.de\/wp\/wp-content\/uploads\/2024\/06\/IMG_20240625_112022-scaled.jpg?resize=2048%2C1536&amp;ssl=1 2048w, https:\/\/i0.wp.com\/grundschule-homberg.de\/wp\/wp-content\/uploads\/2024\/06\/IMG_20240625_112022-scaled.jpg?w=1208&amp;ssl=1 1208w, https:\/\/i0.wp.com\/grundschule-homberg.de\/wp\/wp-content\/uploads\/2024\/06\/IMG_20240625_112022-scaled.jpg?w=1812&amp;ssl=1 1812w\" sizes=\"auto, (max-width: 300px) 100vw, 300px\" \/><\/a>angsstufen auf Kreisebene ausgezeichnet.&nbsp;<\/p>\n<p>Aus Homberg holten sich Nora Schmitt (Kl. 3) und Ole Schneider (Kl.4) den Titel. Beide hatten \u00fcber 10.000 Punkte auf der Onlineplattform Antolin erreicht.&nbsp;<\/p>\n<p><a href=\"https:\/\/i0.wp.com\/grundschule-homberg.de\/wp\/wp-content\/uploads\/2024\/06\/IMG_20240625_112737-1-scaled.jpg?ssl=1\"><img data-recalc-dims=\"1\" loading=\"lazy\" decoding=\"async\" class=\"size-medium wp-image-224852 alignleft\" src=\"https:\/\/i0.wp.com\/grundschule-homberg.de\/wp\/wp-content\/uploads\/2024\/06\/IMG_20240625_112737-1.jpg?resize=300%2C225&#038;ssl=1\" alt=\"\" width=\"300\" height=\"225\" srcset=\"https:\/\/i0.wp.com\/grundschule-homberg.de\/wp\/wp-content\/uploads\/2024\/06\/IMG_20240625_112737-1-scaled.jpg?resize=300%2C225&amp;ssl=1 300w, https:\/\/i0.wp.com\/grundschule-homberg.de\/wp\/wp-content\/uploads\/2024\/06\/IMG_20240625_112737-1-scaled.jpg?resize=1024%2C768&amp;ssl=1 1024w, https:\/\/i0.wp.com\/grundschule-homberg.de\/wp\/wp-content\/uploads\/2024\/06\/IMG_20240625_112737-1-scaled.jpg?resize=150%2C113&amp;ssl=1 150w, https:\/\/i0.wp.com\/grundschule-homberg.de\/wp\/wp-content\/uploads\/2024\/06\/IMG_20240625_112737-1-scaled.jpg?resize=768%2C576&amp;ssl=1 768w, https:\/\/i0.wp.com\/grundschule-homberg.de\/wp\/wp-content\/uploads\/2024\/06\/IMG_20240625_112737-1-scaled.jpg?resize=1536%2C1152&amp;ssl=1 1536w, https:\/\/i0.wp.com\/grundschule-homberg.de\/wp\/wp-content\/uploads\/2024\/06\/IMG_20240625_112737-1-scaled.jpg?resize=2048%2C1536&amp;ssl=1 2048w, https:\/\/i0.wp.com\/grundschule-homberg.de\/wp\/wp-content\/uploads\/2024\/06\/IMG_20240625_112737-1-scaled.jpg?w=1208&amp;ssl=1 1208w, https:\/\/i0.wp.com\/grundschule-homberg.de\/wp\/wp-content\/uploads\/2024\/06\/IMG_20240625_112737-1-scaled.jpg?w=1812&amp;ssl=1 1812w\" sizes=\"auto, (max-width: 300px) 100vw, 300px\" \/><\/a><\/p>\n<p>&nbsp;<\/p>\n<p>&nbsp;<\/p>\n<p>&nbsp;<\/p>\n<p>Herzlichen Gl\u00fcckwunsch an unsere Sieger!&nbsp;<\/p>\n","protected":false},"excerpt":{"rendered":"<p>Am Dienstag, den 25. Juni wurden alle Klassensieger des Antolin-Lesewettbewerbs ausgezeichnet. Der Vogelsbergkreis lud alle Klassensieger der Stufen 1-6&nbsp; nach Lauterbach in die Eichbergschule ein.&nbsp; Nach einer spannenden Lesung mit dem drei ???-Autor Christoph Dittert und einer anschlie\u00dfenden Fragestunde an den Schriftsteller gab es f\u00fcr alle Kinder ein kleines Fr\u00fchst\u00fcck. Im Anschluss wurden die besten &hellip; <a href=\"https:\/\/grundschule-homberg.de\/wp\/?p=224849\" class=\"more-link\"><span class=\"screen-reader-text\">Antolin-Lesesieger geehrt<\/span> weiterlesen <span class=\"meta-nav\">&rarr;<\/span><\/a><\/p>\n","protected":false},"author":2,"featured_media":224850,"comment_status":"closed","ping_status":"closed","sticky":false,"template":"","format":"standard","meta":{"ngg_post_thumbnail":0,"_jetpack_memberships_contains_paid_content":false,"footnotes":""},"categories":[1],"tags":[],"class_list":["post-224849","post","type-post","status-publish","format-standard","has-post-thumbnail","hentry","category-allgemein"],"jetpack_featured_media_url":"https:\/\/i0.wp.com\/grundschule-homberg.de\/wp\/wp-content\/uploads\/2024\/06\/IMG_20240625_093329-2-scaled.jpg?fit=2560%2C1920&ssl=1","jetpack_shortlink":"https:\/\/wp.me\/p3XuEZ-WuB","jetpack-related-posts":[],"jetpack_sharing_enabled":true,"_links":{"self":[{"href":"https:\/\/grundschule-homberg.de\/wp\/index.php?rest_route=\/wp\/v2\/posts\/224849","targetHints":{"allow":["GET"]}}],"collection":[{"href":"https:\/\/grundschule-homberg.de\/wp\/index.php?rest_route=\/wp\/v2\/posts"}],"about":[{"href":"https:\/\/grundschule-homberg.de\/wp\/index.php?rest_route=\/wp\/v2\/types\/post"}],"author":[{"embeddable":true,"href":"https:\/\/grundschule-homberg.de\/wp\/index.php?rest_route=\/wp\/v2\/users\/2"}],"replies":[{"embeddable":true,"href":"https:\/\/grundschule-homberg.de\/wp\/index.php?rest_route=%2Fwp%2Fv2%2Fcomments&post=224849"}],"version-history":[{"count":4,"href":"https:\/\/grundschule-homberg.de\/wp\/index.php?rest_route=\/wp\/v2\/posts\/224849\/revisions"}],"predecessor-version":[{"id":224857,"href":"https:\/\/grundschule-homberg.de\/wp\/index.php?rest_route=\/wp\/v2\/posts\/224849\/revisions\/224857"}],"wp:featuredmedia":[{"embeddable":true,"href":"https:\/\/grundschule-homberg.de\/wp\/index.php?rest_route=\/wp\/v2\/media\/224850"}],"wp:attachment":[{"href":"https:\/\/grundschule-homberg.de\/wp\/index.php?rest_route=%2Fwp%2Fv2%2Fmedia&parent=224849"}],"wp:term":[{"taxonomy":"category","embeddable":true,"href":"https:\/\/grundschule-homberg.de\/wp\/index.php?rest_route=%2Fwp%2Fv2%2Fcategories&post=224849"},{"taxonomy":"post_tag","embeddable":true,"href":"https:\/\/grundschule-homberg.de\/wp\/index.php?rest_route=%2Fwp%2Fv2%2Ftags&post=224849"}],"curies":[{"name":"wp","href":"https:\/\/api.w.org\/{rel}","templated":true}]}}