{"id":224865,"date":"2024-07-02T22:26:10","date_gmt":"2024-07-02T20:26:10","guid":{"rendered":"https:\/\/grundschule-homberg.de\/wp\/?p=224865"},"modified":"2024-07-02T22:26:10","modified_gmt":"2024-07-02T20:26:10","slug":"bundesjugendspiele-2024","status":"publish","type":"post","link":"https:\/\/grundschule-homberg.de\/wp\/?p=224865","title":{"rendered":"Bundesjugendspiele 2024"},"content":{"rendered":"<p>Am Freitag, den 29.Juni 2024 fanden zum Ausweichtermin die Bundesjugendspiele an der Grundschule Homberg statt.<\/p>\n<p><a href=\"https:\/\/i0.wp.com\/grundschule-homberg.de\/wp\/wp-content\/uploads\/2024\/07\/ZpbXtwIJfRMBtkAlvRpJFRpC-scaled.jpg?ssl=1\"><img data-recalc-dims=\"1\" loading=\"lazy\" decoding=\"async\" class=\"alignnone size-medium wp-image-224877\" src=\"https:\/\/i0.wp.com\/grundschule-homberg.de\/wp\/wp-content\/uploads\/2024\/07\/ZpbXtwIJfRMBtkAlvRpJFRpC.jpg?resize=300%2C225&#038;ssl=1\" alt=\"\" width=\"300\" height=\"225\" srcset=\"https:\/\/i0.wp.com\/grundschule-homberg.de\/wp\/wp-content\/uploads\/2024\/07\/ZpbXtwIJfRMBtkAlvRpJFRpC-scaled.jpg?resize=300%2C225&amp;ssl=1 300w, https:\/\/i0.wp.com\/grundschule-homberg.de\/wp\/wp-content\/uploads\/2024\/07\/ZpbXtwIJfRMBtkAlvRpJFRpC-scaled.jpg?resize=1024%2C768&amp;ssl=1 1024w, https:\/\/i0.wp.com\/grundschule-homberg.de\/wp\/wp-content\/uploads\/2024\/07\/ZpbXtwIJfRMBtkAlvRpJFRpC-scaled.jpg?resize=150%2C113&amp;ssl=1 150w, https:\/\/i0.wp.com\/grundschule-homberg.de\/wp\/wp-content\/uploads\/2024\/07\/ZpbXtwIJfRMBtkAlvRpJFRpC-scaled.jpg?resize=768%2C576&amp;ssl=1 768w, https:\/\/i0.wp.com\/grundschule-homberg.de\/wp\/wp-content\/uploads\/2024\/07\/ZpbXtwIJfRMBtkAlvRpJFRpC-scaled.jpg?resize=1536%2C1152&amp;ssl=1 1536w, https:\/\/i0.wp.com\/grundschule-homberg.de\/wp\/wp-content\/uploads\/2024\/07\/ZpbXtwIJfRMBtkAlvRpJFRpC-scaled.jpg?resize=2048%2C1536&amp;ssl=1 2048w, https:\/\/i0.wp.com\/grundschule-homberg.de\/wp\/wp-content\/uploads\/2024\/07\/ZpbXtwIJfRMBtkAlvRpJFRpC-scaled.jpg?w=1208&amp;ssl=1 1208w, https:\/\/i0.wp.com\/grundschule-homberg.de\/wp\/wp-content\/uploads\/2024\/07\/ZpbXtwIJfRMBtkAlvRpJFRpC-scaled.jpg?w=1812&amp;ssl=1 1812w\" sizes=\"auto, (max-width: 300px) 100vw, 300px\" \/><\/a> <a href=\"https:\/\/i0.wp.com\/grundschule-homberg.de\/wp\/wp-content\/uploads\/2024\/07\/VBSUdIcLHElRGGSTHamBxgJL-scaled.jpg?ssl=1\"><img data-recalc-dims=\"1\" loading=\"lazy\" decoding=\"async\" class=\"alignnone size-medium wp-image-224876\" src=\"https:\/\/i0.wp.com\/grundschule-homberg.de\/wp\/wp-content\/uploads\/2024\/07\/VBSUdIcLHElRGGSTHamBxgJL.jpg?resize=225%2C300&#038;ssl=1\" alt=\"\" width=\"225\" height=\"300\" srcset=\"https:\/\/i0.wp.com\/grundschule-homberg.de\/wp\/wp-content\/uploads\/2024\/07\/VBSUdIcLHElRGGSTHamBxgJL-scaled.jpg?resize=225%2C300&amp;ssl=1 225w, https:\/\/i0.wp.com\/grundschule-homberg.de\/wp\/wp-content\/uploads\/2024\/07\/VBSUdIcLHElRGGSTHamBxgJL-scaled.jpg?resize=768%2C1024&amp;ssl=1 768w, https:\/\/i0.wp.com\/grundschule-homberg.de\/wp\/wp-content\/uploads\/2024\/07\/VBSUdIcLHElRGGSTHamBxgJL-scaled.jpg?resize=113%2C150&amp;ssl=1 113w, https:\/\/i0.wp.com\/grundschule-homberg.de\/wp\/wp-content\/uploads\/2024\/07\/VBSUdIcLHElRGGSTHamBxgJL-scaled.jpg?resize=1152%2C1536&amp;ssl=1 1152w, https:\/\/i0.wp.com\/grundschule-homberg.de\/wp\/wp-content\/uploads\/2024\/07\/VBSUdIcLHElRGGSTHamBxgJL-scaled.jpg?resize=1536%2C2048&amp;ssl=1 1536w, https:\/\/i0.wp.com\/grundschule-homberg.de\/wp\/wp-content\/uploads\/2024\/07\/VBSUdIcLHElRGGSTHamBxgJL-scaled.jpg?w=1920&amp;ssl=1 1920w, https:\/\/i0.wp.com\/grundschule-homberg.de\/wp\/wp-content\/uploads\/2024\/07\/VBSUdIcLHElRGGSTHamBxgJL-scaled.jpg?w=1208&amp;ssl=1 1208w, https:\/\/i0.wp.com\/grundschule-homberg.de\/wp\/wp-content\/uploads\/2024\/07\/VBSUdIcLHElRGGSTHamBxgJL-scaled.jpg?w=1812&amp;ssl=1 1812w\" sizes=\"auto, (max-width: 225px) 100vw, 225px\" \/><\/a><\/p>\n<p>Das Sportfest fand nun schon zum zweiten Mal unter den neuen Bedingungen \u201eWettbewerb\u201c statt. Neben den drei Pflichtdisziplinen konnten die Kinder so viele Spiel- und Spa\u00dfstationen absolvieren, wie sie wollten. So kam keine Langeweile auf.<\/p>\n<p>Nach dem neuen Modus wurden Weitsprung und Schlagballwurf vereinfacht in Zonen gemessen. Das beschleunigte den Durchgang und die Kinder mussten kaum mehr warten oder anstehen. Der Sprint wurde als Hindernislauf ausgetragen.<\/p>\n<p><a href=\"https:\/\/i0.wp.com\/grundschule-homberg.de\/wp\/wp-content\/uploads\/2024\/07\/mTKElUQJhmntOzRRoDdLyViW-scaled.jpg?ssl=1\"><img data-recalc-dims=\"1\" loading=\"lazy\" decoding=\"async\" class=\"alignnone size-medium wp-image-224875\" src=\"https:\/\/i0.wp.com\/grundschule-homberg.de\/wp\/wp-content\/uploads\/2024\/07\/mTKElUQJhmntOzRRoDdLyViW.jpg?resize=225%2C300&#038;ssl=1\" alt=\"\" width=\"225\" height=\"300\" srcset=\"https:\/\/i0.wp.com\/grundschule-homberg.de\/wp\/wp-content\/uploads\/2024\/07\/mTKElUQJhmntOzRRoDdLyViW-scaled.jpg?resize=225%2C300&amp;ssl=1 225w, https:\/\/i0.wp.com\/grundschule-homberg.de\/wp\/wp-content\/uploads\/2024\/07\/mTKElUQJhmntOzRRoDdLyViW-scaled.jpg?resize=768%2C1024&amp;ssl=1 768w, https:\/\/i0.wp.com\/grundschule-homberg.de\/wp\/wp-content\/uploads\/2024\/07\/mTKElUQJhmntOzRRoDdLyViW-scaled.jpg?resize=113%2C150&amp;ssl=1 113w, https:\/\/i0.wp.com\/grundschule-homberg.de\/wp\/wp-content\/uploads\/2024\/07\/mTKElUQJhmntOzRRoDdLyViW-scaled.jpg?resize=1152%2C1536&amp;ssl=1 1152w, https:\/\/i0.wp.com\/grundschule-homberg.de\/wp\/wp-content\/uploads\/2024\/07\/mTKElUQJhmntOzRRoDdLyViW-scaled.jpg?resize=1536%2C2048&amp;ssl=1 1536w, https:\/\/i0.wp.com\/grundschule-homberg.de\/wp\/wp-content\/uploads\/2024\/07\/mTKElUQJhmntOzRRoDdLyViW-scaled.jpg?w=1920&amp;ssl=1 1920w, https:\/\/i0.wp.com\/grundschule-homberg.de\/wp\/wp-content\/uploads\/2024\/07\/mTKElUQJhmntOzRRoDdLyViW-scaled.jpg?w=1208&amp;ssl=1 1208w, https:\/\/i0.wp.com\/grundschule-homberg.de\/wp\/wp-content\/uploads\/2024\/07\/mTKElUQJhmntOzRRoDdLyViW-scaled.jpg?w=1812&amp;ssl=1 1812w\" sizes=\"auto, (max-width: 225px) 100vw, 225px\" \/><\/a> <a href=\"https:\/\/i0.wp.com\/grundschule-homberg.de\/wp\/wp-content\/uploads\/2024\/07\/gCpTDdxpjtIScCLkzyYsWyHZ-scaled.jpg?ssl=1\"><img data-recalc-dims=\"1\" loading=\"lazy\" decoding=\"async\" class=\"alignnone size-medium wp-image-224874\" src=\"https:\/\/i0.wp.com\/grundschule-homberg.de\/wp\/wp-content\/uploads\/2024\/07\/gCpTDdxpjtIScCLkzyYsWyHZ.jpg?resize=225%2C300&#038;ssl=1\" alt=\"\" width=\"225\" height=\"300\" srcset=\"https:\/\/i0.wp.com\/grundschule-homberg.de\/wp\/wp-content\/uploads\/2024\/07\/gCpTDdxpjtIScCLkzyYsWyHZ-scaled.jpg?resize=225%2C300&amp;ssl=1 225w, https:\/\/i0.wp.com\/grundschule-homberg.de\/wp\/wp-content\/uploads\/2024\/07\/gCpTDdxpjtIScCLkzyYsWyHZ-scaled.jpg?resize=768%2C1024&amp;ssl=1 768w, https:\/\/i0.wp.com\/grundschule-homberg.de\/wp\/wp-content\/uploads\/2024\/07\/gCpTDdxpjtIScCLkzyYsWyHZ-scaled.jpg?resize=113%2C150&amp;ssl=1 113w, https:\/\/i0.wp.com\/grundschule-homberg.de\/wp\/wp-content\/uploads\/2024\/07\/gCpTDdxpjtIScCLkzyYsWyHZ-scaled.jpg?resize=1152%2C1536&amp;ssl=1 1152w, https:\/\/i0.wp.com\/grundschule-homberg.de\/wp\/wp-content\/uploads\/2024\/07\/gCpTDdxpjtIScCLkzyYsWyHZ-scaled.jpg?resize=1536%2C2048&amp;ssl=1 1536w, https:\/\/i0.wp.com\/grundschule-homberg.de\/wp\/wp-content\/uploads\/2024\/07\/gCpTDdxpjtIScCLkzyYsWyHZ-scaled.jpg?w=1920&amp;ssl=1 1920w, https:\/\/i0.wp.com\/grundschule-homberg.de\/wp\/wp-content\/uploads\/2024\/07\/gCpTDdxpjtIScCLkzyYsWyHZ-scaled.jpg?w=1208&amp;ssl=1 1208w, https:\/\/i0.wp.com\/grundschule-homberg.de\/wp\/wp-content\/uploads\/2024\/07\/gCpTDdxpjtIScCLkzyYsWyHZ-scaled.jpg?w=1812&amp;ssl=1 1812w\" sizes=\"auto, (max-width: 225px) 100vw, 225px\" \/><\/a><\/p>\n<p>Auf der hervorragend gepflegten Anlage der SG Germania Homberg trieben die Kinder bei nicht zu hei\u00dfem Sommerwetter engagiert, gut gelaunt und motiviert Sport. Alle hatten viel Spa\u00df und zeigten teils H\u00f6chstleistungen.<\/p>\n<p><a href=\"https:\/\/i0.wp.com\/grundschule-homberg.de\/wp\/wp-content\/uploads\/2024\/07\/GHLYMPOQGRAzGWvsLAHqriDP-1-scaled.jpg?ssl=1\"><img data-recalc-dims=\"1\" loading=\"lazy\" decoding=\"async\" class=\"alignnone size-medium wp-image-224879\" src=\"https:\/\/i0.wp.com\/grundschule-homberg.de\/wp\/wp-content\/uploads\/2024\/07\/GHLYMPOQGRAzGWvsLAHqriDP-1.jpg?resize=225%2C300&#038;ssl=1\" alt=\"\" width=\"225\" height=\"300\" srcset=\"https:\/\/i0.wp.com\/grundschule-homberg.de\/wp\/wp-content\/uploads\/2024\/07\/GHLYMPOQGRAzGWvsLAHqriDP-1-scaled.jpg?resize=225%2C300&amp;ssl=1 225w, https:\/\/i0.wp.com\/grundschule-homberg.de\/wp\/wp-content\/uploads\/2024\/07\/GHLYMPOQGRAzGWvsLAHqriDP-1-scaled.jpg?resize=768%2C1024&amp;ssl=1 768w, https:\/\/i0.wp.com\/grundschule-homberg.de\/wp\/wp-content\/uploads\/2024\/07\/GHLYMPOQGRAzGWvsLAHqriDP-1-scaled.jpg?resize=113%2C150&amp;ssl=1 113w, https:\/\/i0.wp.com\/grundschule-homberg.de\/wp\/wp-content\/uploads\/2024\/07\/GHLYMPOQGRAzGWvsLAHqriDP-1-scaled.jpg?resize=1152%2C1536&amp;ssl=1 1152w, https:\/\/i0.wp.com\/grundschule-homberg.de\/wp\/wp-content\/uploads\/2024\/07\/GHLYMPOQGRAzGWvsLAHqriDP-1-scaled.jpg?resize=1536%2C2048&amp;ssl=1 1536w, https:\/\/i0.wp.com\/grundschule-homberg.de\/wp\/wp-content\/uploads\/2024\/07\/GHLYMPOQGRAzGWvsLAHqriDP-1-scaled.jpg?w=1920&amp;ssl=1 1920w, https:\/\/i0.wp.com\/grundschule-homberg.de\/wp\/wp-content\/uploads\/2024\/07\/GHLYMPOQGRAzGWvsLAHqriDP-1-scaled.jpg?w=1208&amp;ssl=1 1208w, https:\/\/i0.wp.com\/grundschule-homberg.de\/wp\/wp-content\/uploads\/2024\/07\/GHLYMPOQGRAzGWvsLAHqriDP-1-scaled.jpg?w=1812&amp;ssl=1 1812w\" sizes=\"auto, (max-width: 225px) 100vw, 225px\" \/><\/a> <a href=\"https:\/\/i0.wp.com\/grundschule-homberg.de\/wp\/wp-content\/uploads\/2024\/07\/IMG-20240628-WA0010-1.jpg?ssl=1\"><img data-recalc-dims=\"1\" loading=\"lazy\" decoding=\"async\" class=\"alignnone size-medium wp-image-224868\" src=\"https:\/\/i0.wp.com\/grundschule-homberg.de\/wp\/wp-content\/uploads\/2024\/07\/IMG-20240628-WA0010-1.jpg?resize=225%2C300&#038;ssl=1\" alt=\"\" width=\"225\" height=\"300\" srcset=\"https:\/\/i0.wp.com\/grundschule-homberg.de\/wp\/wp-content\/uploads\/2024\/07\/IMG-20240628-WA0010-1.jpg?resize=225%2C300&amp;ssl=1 225w, https:\/\/i0.wp.com\/grundschule-homberg.de\/wp\/wp-content\/uploads\/2024\/07\/IMG-20240628-WA0010-1.jpg?resize=768%2C1024&amp;ssl=1 768w, https:\/\/i0.wp.com\/grundschule-homberg.de\/wp\/wp-content\/uploads\/2024\/07\/IMG-20240628-WA0010-1.jpg?resize=113%2C150&amp;ssl=1 113w, https:\/\/i0.wp.com\/grundschule-homberg.de\/wp\/wp-content\/uploads\/2024\/07\/IMG-20240628-WA0010-1.jpg?resize=1152%2C1536&amp;ssl=1 1152w, https:\/\/i0.wp.com\/grundschule-homberg.de\/wp\/wp-content\/uploads\/2024\/07\/IMG-20240628-WA0010-1.jpg?w=1200&amp;ssl=1 1200w\" sizes=\"auto, (max-width: 225px) 100vw, 225px\" \/><\/a><\/p>\n<p>Vielen Dank an alle helfenden H\u00e4nde bei der Vorbereitung und Durchf\u00fchrung!<\/p>\n","protected":false},"excerpt":{"rendered":"<p>Am Freitag, den 29.Juni 2024 fanden zum Ausweichtermin die Bundesjugendspiele an der Grundschule Homberg statt. Das Sportfest fand nun schon zum zweiten Mal unter den neuen Bedingungen \u201eWettbewerb\u201c statt. Neben den drei Pflichtdisziplinen konnten die Kinder so viele Spiel- und Spa\u00dfstationen absolvieren, wie sie wollten. So kam keine Langeweile auf. Nach dem neuen Modus wurden &hellip; <a href=\"https:\/\/grundschule-homberg.de\/wp\/?p=224865\" class=\"more-link\"><span class=\"screen-reader-text\">Bundesjugendspiele 2024<\/span> weiterlesen <span class=\"meta-nav\">&rarr;<\/span><\/a><\/p>\n","protected":false},"author":2,"featured_media":224868,"comment_status":"closed","ping_status":"closed","sticky":false,"template":"","format":"standard","meta":{"ngg_post_thumbnail":0,"_jetpack_memberships_contains_paid_content":false,"footnotes":""},"categories":[1],"tags":[],"class_list":["post-224865","post","type-post","status-publish","format-standard","has-post-thumbnail","hentry","category-allgemein"],"jetpack_featured_media_url":"https:\/\/i0.wp.com\/grundschule-homberg.de\/wp\/wp-content\/uploads\/2024\/07\/IMG-20240628-WA0010-1.jpg?fit=1200%2C1600&ssl=1","jetpack_shortlink":"https:\/\/wp.me\/p3XuEZ-WuR","jetpack-related-posts":[],"jetpack_sharing_enabled":true,"_links":{"self":[{"href":"https:\/\/grundschule-homberg.de\/wp\/index.php?rest_route=\/wp\/v2\/posts\/224865","targetHints":{"allow":["GET"]}}],"collection":[{"href":"https:\/\/grundschule-homberg.de\/wp\/index.php?rest_route=\/wp\/v2\/posts"}],"about":[{"href":"https:\/\/grundschule-homberg.de\/wp\/index.php?rest_route=\/wp\/v2\/types\/post"}],"author":[{"embeddable":true,"href":"https:\/\/grundschule-homberg.de\/wp\/index.php?rest_route=\/wp\/v2\/users\/2"}],"replies":[{"embeddable":true,"href":"https:\/\/grundschule-homberg.de\/wp\/index.php?rest_route=%2Fwp%2Fv2%2Fcomments&post=224865"}],"version-history":[{"count":2,"href":"https:\/\/grundschule-homberg.de\/wp\/index.php?rest_route=\/wp\/v2\/posts\/224865\/revisions"}],"predecessor-version":[{"id":224880,"href":"https:\/\/grundschule-homberg.de\/wp\/index.php?rest_route=\/wp\/v2\/posts\/224865\/revisions\/224880"}],"wp:featuredmedia":[{"embeddable":true,"href":"https:\/\/grundschule-homberg.de\/wp\/index.php?rest_route=\/wp\/v2\/media\/224868"}],"wp:attachment":[{"href":"https:\/\/grundschule-homberg.de\/wp\/index.php?rest_route=%2Fwp%2Fv2%2Fmedia&parent=224865"}],"wp:term":[{"taxonomy":"category","embeddable":true,"href":"https:\/\/grundschule-homberg.de\/wp\/index.php?rest_route=%2Fwp%2Fv2%2Fcategories&post=224865"},{"taxonomy":"post_tag","embeddable":true,"href":"https:\/\/grundschule-homberg.de\/wp\/index.php?rest_route=%2Fwp%2Fv2%2Ftags&post=224865"}],"curies":[{"name":"wp","href":"https:\/\/api.w.org\/{rel}","templated":true}]}}