{"id":224928,"date":"2024-07-15T12:52:56","date_gmt":"2024-07-15T10:52:56","guid":{"rendered":"https:\/\/grundschule-homberg.de\/wp\/?p=224928"},"modified":"2024-07-30T17:55:21","modified_gmt":"2024-07-30T15:55:21","slug":"kinder-beendeb-grundschulzeit-mit-einem-sprung","status":"publish","type":"post","link":"https:\/\/grundschule-homberg.de\/wp\/?p=224928","title":{"rendered":"Kinder beenden Grundschulzeit mit einem Sprung"},"content":{"rendered":"<p>Am Freitag, den 12.7.2024, trafen sich Kinder und Kerhkr\u00e4fte der Grundschule Homberg in der Turnhalle, um die 4. Klassen zu verabschieden. Wegen des anhaltenden Regens musste die Veranstaltung nach drinnen verlegt werden. Schulleiterin Eva Sartorius schloss das Schuljahr 2023\/24 ab und dankte nochmal allen in der Schule Besch\u00e4ftigten. Danach wurden die Viertkl\u00e4sslerInnen verabschiedet. H\u00f6hepunkt war wie immer der Sprung in die 5. Klasse.&nbsp;<\/p>\n<p>Zum Abschluss w\u00fcnschte man sich noch sch\u00f6ne Sommerferien und ging zur Zeugnisvergabe in die Klassen zur\u00fcck.&nbsp;<\/p>\n<p>ngg_shortcode_0_placeholderSOMMERFERIEN:<\/p>\n<p>Das Sekretariat ist in der ersten und in der letzten Ferienwochen vormittags besetzt oder jederzeit \u00fcber E-Mail erreichbar.&nbsp;<\/p>\n<p>WIR W\u00dcNSCHEN ALLEN SCH\u00d6NE UND ERHOLSAME FERIEN!<\/p>\n<p>&nbsp;<\/p>\n","protected":false},"excerpt":{"rendered":"<p>Am Freitag, den 12.7.2024, trafen sich Kinder und Kerhkr\u00e4fte der Grundschule Homberg in der Turnhalle, um die 4. Klassen zu verabschieden. Wegen des anhaltenden Regens musste die Veranstaltung nach drinnen verlegt werden. Schulleiterin Eva Sartorius schloss das Schuljahr 2023\/24 ab und dankte nochmal allen in der Schule Besch\u00e4ftigten. Danach wurden die Viertkl\u00e4sslerInnen verabschiedet. H\u00f6hepunkt war &hellip; <a href=\"https:\/\/grundschule-homberg.de\/wp\/?p=224928\" class=\"more-link\"><span class=\"screen-reader-text\">Kinder beenden Grundschulzeit mit einem Sprung<\/span> weiterlesen <span class=\"meta-nav\">&rarr;<\/span><\/a><\/p>\n","protected":false},"author":2,"featured_media":224930,"comment_status":"closed","ping_status":"closed","sticky":false,"template":"","format":"standard","meta":{"ngg_post_thumbnail":0,"_jetpack_memberships_contains_paid_content":false,"footnotes":""},"categories":[1],"tags":[],"class_list":["post-224928","post","type-post","status-publish","format-standard","has-post-thumbnail","hentry","category-allgemein"],"jetpack_featured_media_url":"https:\/\/i0.wp.com\/grundschule-homberg.de\/wp\/wp-content\/uploads\/2024\/07\/cwfGHkNucIVYpTNmNiSFzwkQ.jpg?fit=320%2C240&ssl=1","jetpack_shortlink":"https:\/\/wp.me\/p3XuEZ-WvS","jetpack-related-posts":[],"jetpack_sharing_enabled":true,"_links":{"self":[{"href":"https:\/\/grundschule-homberg.de\/wp\/index.php?rest_route=\/wp\/v2\/posts\/224928","targetHints":{"allow":["GET"]}}],"collection":[{"href":"https:\/\/grundschule-homberg.de\/wp\/index.php?rest_route=\/wp\/v2\/posts"}],"about":[{"href":"https:\/\/grundschule-homberg.de\/wp\/index.php?rest_route=\/wp\/v2\/types\/post"}],"author":[{"embeddable":true,"href":"https:\/\/grundschule-homberg.de\/wp\/index.php?rest_route=\/wp\/v2\/users\/2"}],"replies":[{"embeddable":true,"href":"https:\/\/grundschule-homberg.de\/wp\/index.php?rest_route=%2Fwp%2Fv2%2Fcomments&post=224928"}],"version-history":[{"count":2,"href":"https:\/\/grundschule-homberg.de\/wp\/index.php?rest_route=\/wp\/v2\/posts\/224928\/revisions"}],"predecessor-version":[{"id":224932,"href":"https:\/\/grundschule-homberg.de\/wp\/index.php?rest_route=\/wp\/v2\/posts\/224928\/revisions\/224932"}],"wp:featuredmedia":[{"embeddable":true,"href":"https:\/\/grundschule-homberg.de\/wp\/index.php?rest_route=\/wp\/v2\/media\/224930"}],"wp:attachment":[{"href":"https:\/\/grundschule-homberg.de\/wp\/index.php?rest_route=%2Fwp%2Fv2%2Fmedia&parent=224928"}],"wp:term":[{"taxonomy":"category","embeddable":true,"href":"https:\/\/grundschule-homberg.de\/wp\/index.php?rest_route=%2Fwp%2Fv2%2Fcategories&post=224928"},{"taxonomy":"post_tag","embeddable":true,"href":"https:\/\/grundschule-homberg.de\/wp\/index.php?rest_route=%2Fwp%2Fv2%2Ftags&post=224928"}],"curies":[{"name":"wp","href":"https:\/\/api.w.org\/{rel}","templated":true}]}}