{"id":224983,"date":"2024-08-30T17:11:37","date_gmt":"2024-08-30T15:11:37","guid":{"rendered":"https:\/\/grundschule-homberg.de\/wp\/?p=224983"},"modified":"2024-08-30T17:13:16","modified_gmt":"2024-08-30T15:13:16","slug":"76-neue-schulkinder-an-der-grundschule-homberg","status":"publish","type":"post","link":"https:\/\/grundschule-homberg.de\/wp\/?p=224983","title":{"rendered":"76 neue Schulkinder an der Grundschule Homberg"},"content":{"rendered":"<p>Am Dienstagvormittag, den 27.8.2024 strahlten 76 Kinder mit der Sonne um die Wette.&nbsp;<\/p>\n<p><a href=\"https:\/\/i0.wp.com\/grundschule-homberg.de\/wp\/wp-content\/uploads\/2024\/08\/JMvLfYuLlIbzhOIGRfDPVVMq.jpg?ssl=1\"><img data-recalc-dims=\"1\" loading=\"lazy\" decoding=\"async\" class=\"size-medium wp-image-224993 aligncenter\" src=\"https:\/\/i0.wp.com\/grundschule-homberg.de\/wp\/wp-content\/uploads\/2024\/08\/JMvLfYuLlIbzhOIGRfDPVVMq.jpg?resize=300%2C225&#038;ssl=1\" alt=\"\" width=\"300\" height=\"225\" srcset=\"https:\/\/i0.wp.com\/grundschule-homberg.de\/wp\/wp-content\/uploads\/2024\/08\/JMvLfYuLlIbzhOIGRfDPVVMq.jpg?resize=300%2C225&amp;ssl=1 300w, https:\/\/i0.wp.com\/grundschule-homberg.de\/wp\/wp-content\/uploads\/2024\/08\/JMvLfYuLlIbzhOIGRfDPVVMq.jpg?resize=150%2C113&amp;ssl=1 150w, https:\/\/i0.wp.com\/grundschule-homberg.de\/wp\/wp-content\/uploads\/2024\/08\/JMvLfYuLlIbzhOIGRfDPVVMq.jpg?w=320&amp;ssl=1 320w\" sizes=\"auto, (max-width: 300px) 100vw, 300px\" \/><\/a><\/p>\n<p>Auf der Wiese hinter der Turnhalle hatten die Grundschulkinder mit ihren Lehrerinnen eine kleine Schulaufnahmefeier vorbereitet. Zuerst spielten die Fl\u00f6tenkinder zwei kleine St\u00fccke zur Er\u00f6ffnung. Dann trugen die Kinder der 2. Klassen einen Einschulungs-Rap vor.&nbsp;<\/p>\n<p><a href=\"https:\/\/i0.wp.com\/grundschule-homberg.de\/wp\/wp-content\/uploads\/2024\/08\/RovwfJKkPGWHjRlUWSKaZxtQ.jpg?ssl=1\"><img data-recalc-dims=\"1\" loading=\"lazy\" decoding=\"async\" class=\"size-medium wp-image-224994 alignright\" src=\"https:\/\/i0.wp.com\/grundschule-homberg.de\/wp\/wp-content\/uploads\/2024\/08\/RovwfJKkPGWHjRlUWSKaZxtQ.jpg?resize=300%2C225&#038;ssl=1\" alt=\"\" width=\"300\" height=\"225\" srcset=\"https:\/\/i0.wp.com\/grundschule-homberg.de\/wp\/wp-content\/uploads\/2024\/08\/RovwfJKkPGWHjRlUWSKaZxtQ.jpg?resize=300%2C225&amp;ssl=1 300w, https:\/\/i0.wp.com\/grundschule-homberg.de\/wp\/wp-content\/uploads\/2024\/08\/RovwfJKkPGWHjRlUWSKaZxtQ.jpg?resize=150%2C113&amp;ssl=1 150w, https:\/\/i0.wp.com\/grundschule-homberg.de\/wp\/wp-content\/uploads\/2024\/08\/RovwfJKkPGWHjRlUWSKaZxtQ.jpg?w=320&amp;ssl=1 320w\" sizes=\"auto, (max-width: 300px) 100vw, 300px\" \/><\/a> <a href=\"https:\/\/i0.wp.com\/grundschule-homberg.de\/wp\/wp-content\/uploads\/2024\/08\/IMG_20240827_084946-scaled.jpg?ssl=1\"><img data-recalc-dims=\"1\" loading=\"lazy\" decoding=\"async\" class=\"alignnone size-medium wp-image-224992\" src=\"https:\/\/i0.wp.com\/grundschule-homberg.de\/wp\/wp-content\/uploads\/2024\/08\/IMG_20240827_084946.jpg?resize=300%2C225&#038;ssl=1\" alt=\"\" width=\"300\" height=\"225\" srcset=\"https:\/\/i0.wp.com\/grundschule-homberg.de\/wp\/wp-content\/uploads\/2024\/08\/IMG_20240827_084946-scaled.jpg?resize=300%2C225&amp;ssl=1 300w, https:\/\/i0.wp.com\/grundschule-homberg.de\/wp\/wp-content\/uploads\/2024\/08\/IMG_20240827_084946-scaled.jpg?resize=1024%2C768&amp;ssl=1 1024w, https:\/\/i0.wp.com\/grundschule-homberg.de\/wp\/wp-content\/uploads\/2024\/08\/IMG_20240827_084946-scaled.jpg?resize=150%2C113&amp;ssl=1 150w, https:\/\/i0.wp.com\/grundschule-homberg.de\/wp\/wp-content\/uploads\/2024\/08\/IMG_20240827_084946-scaled.jpg?resize=768%2C576&amp;ssl=1 768w, https:\/\/i0.wp.com\/grundschule-homberg.de\/wp\/wp-content\/uploads\/2024\/08\/IMG_20240827_084946-scaled.jpg?resize=1536%2C1152&amp;ssl=1 1536w, https:\/\/i0.wp.com\/grundschule-homberg.de\/wp\/wp-content\/uploads\/2024\/08\/IMG_20240827_084946-scaled.jpg?resize=2048%2C1536&amp;ssl=1 2048w, https:\/\/i0.wp.com\/grundschule-homberg.de\/wp\/wp-content\/uploads\/2024\/08\/IMG_20240827_084946-scaled.jpg?w=1208&amp;ssl=1 1208w, https:\/\/i0.wp.com\/grundschule-homberg.de\/wp\/wp-content\/uploads\/2024\/08\/IMG_20240827_084946-scaled.jpg?w=1812&amp;ssl=1 1812w\" sizes=\"auto, (max-width: 300px) 100vw, 300px\" \/><\/a><\/p>\n<p>Nach einer kurzen Ansprache der Schulleiterin und vielen Gl\u00fcckw\u00fcnschen f\u00fcr die &#8222;Neuen&#8220; sang der Schulchor noch ein St\u00fcck aus dem Musical &#8222;Ronja R\u00e4ubertochter&#8220;, das er vor den Sommerferien aufgef\u00fchrt hatte.<\/p>\n<p>Im Anschluss wurden alle Kinder aufgerufen und mit ihren Klassenlehrerinnen in die Klassenr\u00e4ume verabschiedet. Bei ihrem Weg \u00fcber den Schulhof begr\u00fc\u00dften alle gr\u00f6\u00dferen Grundschulkinder ihre neuen SchulkameradInnen mit Applaus.&nbsp;<\/p>\n<p><a href=\"https:\/\/i0.wp.com\/grundschule-homberg.de\/wp\/wp-content\/uploads\/2024\/08\/gbmFcBmiYUWSRUyIRcrbKzPB.jpg?ssl=1\"><img data-recalc-dims=\"1\" loading=\"lazy\" decoding=\"async\" class=\"size-medium wp-image-224991 alignright\" src=\"https:\/\/i0.wp.com\/grundschule-homberg.de\/wp\/wp-content\/uploads\/2024\/08\/gbmFcBmiYUWSRUyIRcrbKzPB.jpg?resize=300%2C225&#038;ssl=1\" alt=\"\" width=\"300\" height=\"225\" srcset=\"https:\/\/i0.wp.com\/grundschule-homberg.de\/wp\/wp-content\/uploads\/2024\/08\/gbmFcBmiYUWSRUyIRcrbKzPB.jpg?resize=300%2C225&amp;ssl=1 300w, https:\/\/i0.wp.com\/grundschule-homberg.de\/wp\/wp-content\/uploads\/2024\/08\/gbmFcBmiYUWSRUyIRcrbKzPB.jpg?resize=150%2C113&amp;ssl=1 150w, https:\/\/i0.wp.com\/grundschule-homberg.de\/wp\/wp-content\/uploads\/2024\/08\/gbmFcBmiYUWSRUyIRcrbKzPB.jpg?w=320&amp;ssl=1 320w\" sizes=\"auto, (max-width: 300px) 100vw, 300px\" \/><\/a><\/p>\n<p>Im Laufe des Vormittags wurden die Einschulungsfotos mit den Schulbrezeln gemacht.&nbsp;<\/p>\n<p>Um 12. 00 Uhr konnten die Eltern ihre Schulkinder wieder abholen.<\/p>\n<p>HERZLICH WILLKOMMEN allen neuen Kindern!<\/p>\n","protected":false},"excerpt":{"rendered":"<p>Am Dienstagvormittag, den 27.8.2024 strahlten 76 Kinder mit der Sonne um die Wette.&nbsp; Auf der Wiese hinter der Turnhalle hatten die Grundschulkinder mit ihren Lehrerinnen eine kleine Schulaufnahmefeier vorbereitet. Zuerst spielten die Fl\u00f6tenkinder zwei kleine St\u00fccke zur Er\u00f6ffnung. Dann trugen die Kinder der 2. Klassen einen Einschulungs-Rap vor.&nbsp; Nach einer kurzen Ansprache der Schulleiterin und &hellip; <a href=\"https:\/\/grundschule-homberg.de\/wp\/?p=224983\" class=\"more-link\"><span class=\"screen-reader-text\">76 neue Schulkinder an der Grundschule Homberg<\/span> weiterlesen <span class=\"meta-nav\">&rarr;<\/span><\/a><\/p>\n","protected":false},"author":2,"featured_media":224995,"comment_status":"closed","ping_status":"closed","sticky":false,"template":"","format":"standard","meta":{"ngg_post_thumbnail":0,"_jetpack_memberships_contains_paid_content":false,"footnotes":""},"categories":[1],"tags":[],"class_list":["post-224983","post","type-post","status-publish","format-standard","has-post-thumbnail","hentry","category-allgemein"],"jetpack_featured_media_url":"https:\/\/i0.wp.com\/grundschule-homberg.de\/wp\/wp-content\/uploads\/2024\/08\/sjFgAPspIQVJuJfdgrQoYYgo.jpg?fit=320%2C240&ssl=1","jetpack_shortlink":"https:\/\/wp.me\/p3XuEZ-WwL","jetpack-related-posts":[],"jetpack_sharing_enabled":true,"_links":{"self":[{"href":"https:\/\/grundschule-homberg.de\/wp\/index.php?rest_route=\/wp\/v2\/posts\/224983","targetHints":{"allow":["GET"]}}],"collection":[{"href":"https:\/\/grundschule-homberg.de\/wp\/index.php?rest_route=\/wp\/v2\/posts"}],"about":[{"href":"https:\/\/grundschule-homberg.de\/wp\/index.php?rest_route=\/wp\/v2\/types\/post"}],"author":[{"embeddable":true,"href":"https:\/\/grundschule-homberg.de\/wp\/index.php?rest_route=\/wp\/v2\/users\/2"}],"replies":[{"embeddable":true,"href":"https:\/\/grundschule-homberg.de\/wp\/index.php?rest_route=%2Fwp%2Fv2%2Fcomments&post=224983"}],"version-history":[{"count":3,"href":"https:\/\/grundschule-homberg.de\/wp\/index.php?rest_route=\/wp\/v2\/posts\/224983\/revisions"}],"predecessor-version":[{"id":224997,"href":"https:\/\/grundschule-homberg.de\/wp\/index.php?rest_route=\/wp\/v2\/posts\/224983\/revisions\/224997"}],"wp:featuredmedia":[{"embeddable":true,"href":"https:\/\/grundschule-homberg.de\/wp\/index.php?rest_route=\/wp\/v2\/media\/224995"}],"wp:attachment":[{"href":"https:\/\/grundschule-homberg.de\/wp\/index.php?rest_route=%2Fwp%2Fv2%2Fmedia&parent=224983"}],"wp:term":[{"taxonomy":"category","embeddable":true,"href":"https:\/\/grundschule-homberg.de\/wp\/index.php?rest_route=%2Fwp%2Fv2%2Fcategories&post=224983"},{"taxonomy":"post_tag","embeddable":true,"href":"https:\/\/grundschule-homberg.de\/wp\/index.php?rest_route=%2Fwp%2Fv2%2Ftags&post=224983"}],"curies":[{"name":"wp","href":"https:\/\/api.w.org\/{rel}","templated":true}]}}