{"id":225268,"date":"2025-06-24T14:45:55","date_gmt":"2025-06-24T12:45:55","guid":{"rendered":"https:\/\/grundschule-homberg.de\/wp\/?p=225268"},"modified":"2025-06-24T14:45:55","modified_gmt":"2025-06-24T12:45:55","slug":"antolin-lesewettbewerb","status":"publish","type":"post","link":"https:\/\/grundschule-homberg.de\/wp\/?p=225268","title":{"rendered":"Antolin-Lesewettbewerb"},"content":{"rendered":"<p>Auch in diesem Jahr wurden wieder die Klassensieger des Antolin-Lesewettbewerbs des Vogelbergkreises in einer besonderen Feierstunde geehrt.&nbsp;<\/p>\n<p>Aus jeder Klassen fuhren zwei Kinder mit nach Lauterbach. Es waren jeweils der flei\u00dfigste Leser und die flei\u00dfigste Leserin.&nbsp;&nbsp;<\/p>\n<p>In der Turnhalle der Eichbergschule kamen dann alle Siegerkinder zusammen und durften zun\u00e4chst dem Kinderbuchautor Christian Humberg lauschen, der aus seinem Buch &#8222;Drachengasse 13&#8220; vorlas. In der Pause gab es dann ein Fr\u00fchst\u00fcck und die Gelegenheit, Autogramme zu erhalten.&nbsp;<\/p>\n<p>Abschlie\u00dfend wurden alle Kinder namentlich aufgerufen und mit einer Urkunde geehrt.&nbsp;<\/p>\n<p><a href=\"https:\/\/i0.wp.com\/grundschule-homberg.de\/wp\/wp-content\/uploads\/2025\/06\/YERyFXfZabqRmjRpJrWjctyA-scaled.jpg?ssl=1\"><img data-recalc-dims=\"1\" loading=\"lazy\" decoding=\"async\" class=\"alignnone size-medium wp-image-225271\" src=\"https:\/\/i0.wp.com\/grundschule-homberg.de\/wp\/wp-content\/uploads\/2025\/06\/YERyFXfZabqRmjRpJrWjctyA.jpg?resize=225%2C300&#038;ssl=1\" alt=\"\" width=\"225\" height=\"300\" srcset=\"https:\/\/i0.wp.com\/grundschule-homberg.de\/wp\/wp-content\/uploads\/2025\/06\/YERyFXfZabqRmjRpJrWjctyA-scaled.jpg?resize=225%2C300&amp;ssl=1 225w, https:\/\/i0.wp.com\/grundschule-homberg.de\/wp\/wp-content\/uploads\/2025\/06\/YERyFXfZabqRmjRpJrWjctyA-scaled.jpg?resize=768%2C1024&amp;ssl=1 768w, https:\/\/i0.wp.com\/grundschule-homberg.de\/wp\/wp-content\/uploads\/2025\/06\/YERyFXfZabqRmjRpJrWjctyA-scaled.jpg?resize=113%2C150&amp;ssl=1 113w, https:\/\/i0.wp.com\/grundschule-homberg.de\/wp\/wp-content\/uploads\/2025\/06\/YERyFXfZabqRmjRpJrWjctyA-scaled.jpg?resize=1152%2C1536&amp;ssl=1 1152w, https:\/\/i0.wp.com\/grundschule-homberg.de\/wp\/wp-content\/uploads\/2025\/06\/YERyFXfZabqRmjRpJrWjctyA-scaled.jpg?resize=1536%2C2048&amp;ssl=1 1536w, https:\/\/i0.wp.com\/grundschule-homberg.de\/wp\/wp-content\/uploads\/2025\/06\/YERyFXfZabqRmjRpJrWjctyA-scaled.jpg?w=1920&amp;ssl=1 1920w, https:\/\/i0.wp.com\/grundschule-homberg.de\/wp\/wp-content\/uploads\/2025\/06\/YERyFXfZabqRmjRpJrWjctyA-scaled.jpg?w=1208&amp;ssl=1 1208w, https:\/\/i0.wp.com\/grundschule-homberg.de\/wp\/wp-content\/uploads\/2025\/06\/YERyFXfZabqRmjRpJrWjctyA-scaled.jpg?w=1812&amp;ssl=1 1812w\" sizes=\"auto, (max-width: 225px) 100vw, 225px\" \/><\/a> <a href=\"https:\/\/i0.wp.com\/grundschule-homberg.de\/wp\/wp-content\/uploads\/2025\/06\/GHxYWuLBeBWTXAsvVhaNqUFg-scaled-e1750321696231.jpg?ssl=1\"><img data-recalc-dims=\"1\" loading=\"lazy\" decoding=\"async\" class=\"alignnone size-medium wp-image-225270\" src=\"https:\/\/i0.wp.com\/grundschule-homberg.de\/wp\/wp-content\/uploads\/2025\/06\/GHxYWuLBeBWTXAsvVhaNqUFg-scaled-e1750321696231-300x190.jpg?resize=300%2C190&#038;ssl=1\" alt=\"\" width=\"300\" height=\"190\" srcset=\"https:\/\/i0.wp.com\/grundschule-homberg.de\/wp\/wp-content\/uploads\/2025\/06\/GHxYWuLBeBWTXAsvVhaNqUFg-scaled-e1750321696231.jpg?resize=300%2C190&amp;ssl=1 300w, https:\/\/i0.wp.com\/grundschule-homberg.de\/wp\/wp-content\/uploads\/2025\/06\/GHxYWuLBeBWTXAsvVhaNqUFg-scaled-e1750321696231.jpg?resize=1024%2C647&amp;ssl=1 1024w, https:\/\/i0.wp.com\/grundschule-homberg.de\/wp\/wp-content\/uploads\/2025\/06\/GHxYWuLBeBWTXAsvVhaNqUFg-scaled-e1750321696231.jpg?resize=150%2C95&amp;ssl=1 150w, https:\/\/i0.wp.com\/grundschule-homberg.de\/wp\/wp-content\/uploads\/2025\/06\/GHxYWuLBeBWTXAsvVhaNqUFg-scaled-e1750321696231.jpg?resize=768%2C486&amp;ssl=1 768w, https:\/\/i0.wp.com\/grundschule-homberg.de\/wp\/wp-content\/uploads\/2025\/06\/GHxYWuLBeBWTXAsvVhaNqUFg-scaled-e1750321696231.jpg?resize=1536%2C971&amp;ssl=1 1536w, https:\/\/i0.wp.com\/grundschule-homberg.de\/wp\/wp-content\/uploads\/2025\/06\/GHxYWuLBeBWTXAsvVhaNqUFg-scaled-e1750321696231.jpg?w=1898&amp;ssl=1 1898w, https:\/\/i0.wp.com\/grundschule-homberg.de\/wp\/wp-content\/uploads\/2025\/06\/GHxYWuLBeBWTXAsvVhaNqUFg-scaled-e1750321696231.jpg?w=1208&amp;ssl=1 1208w, https:\/\/i0.wp.com\/grundschule-homberg.de\/wp\/wp-content\/uploads\/2025\/06\/GHxYWuLBeBWTXAsvVhaNqUFg-scaled-e1750321696231.jpg?w=1812&amp;ssl=1 1812w\" sizes=\"auto, (max-width: 300px) 100vw, 300px\" \/><\/a><\/p>\n<p>&nbsp;<\/p>\n","protected":false},"excerpt":{"rendered":"<p>Auch in diesem Jahr wurden wieder die Klassensieger des Antolin-Lesewettbewerbs des Vogelbergkreises in einer besonderen Feierstunde geehrt.&nbsp; Aus jeder Klassen fuhren zwei Kinder mit nach Lauterbach. Es waren jeweils der flei\u00dfigste Leser und die flei\u00dfigste Leserin.&nbsp;&nbsp; In der Turnhalle der Eichbergschule kamen dann alle Siegerkinder zusammen und durften zun\u00e4chst dem Kinderbuchautor Christian Humberg lauschen, der &hellip; <a href=\"https:\/\/grundschule-homberg.de\/wp\/?p=225268\" class=\"more-link\"><span class=\"screen-reader-text\">Antolin-Lesewettbewerb<\/span> weiterlesen <span class=\"meta-nav\">&rarr;<\/span><\/a><\/p>\n","protected":false},"author":2,"featured_media":225270,"comment_status":"closed","ping_status":"closed","sticky":false,"template":"","format":"standard","meta":{"ngg_post_thumbnail":0,"_jetpack_memberships_contains_paid_content":false,"footnotes":""},"categories":[1],"tags":[],"class_list":["post-225268","post","type-post","status-publish","format-standard","has-post-thumbnail","hentry","category-allgemein"],"jetpack_featured_media_url":"https:\/\/i0.wp.com\/grundschule-homberg.de\/wp\/wp-content\/uploads\/2025\/06\/GHxYWuLBeBWTXAsvVhaNqUFg-scaled-e1750321696231.jpg?fit=1898%2C1200&ssl=1","jetpack_shortlink":"https:\/\/wp.me\/p3XuEZ-WBm","jetpack-related-posts":[],"jetpack_sharing_enabled":true,"_links":{"self":[{"href":"https:\/\/grundschule-homberg.de\/wp\/index.php?rest_route=\/wp\/v2\/posts\/225268","targetHints":{"allow":["GET"]}}],"collection":[{"href":"https:\/\/grundschule-homberg.de\/wp\/index.php?rest_route=\/wp\/v2\/posts"}],"about":[{"href":"https:\/\/grundschule-homberg.de\/wp\/index.php?rest_route=\/wp\/v2\/types\/post"}],"author":[{"embeddable":true,"href":"https:\/\/grundschule-homberg.de\/wp\/index.php?rest_route=\/wp\/v2\/users\/2"}],"replies":[{"embeddable":true,"href":"https:\/\/grundschule-homberg.de\/wp\/index.php?rest_route=%2Fwp%2Fv2%2Fcomments&post=225268"}],"version-history":[{"count":3,"href":"https:\/\/grundschule-homberg.de\/wp\/index.php?rest_route=\/wp\/v2\/posts\/225268\/revisions"}],"predecessor-version":[{"id":225274,"href":"https:\/\/grundschule-homberg.de\/wp\/index.php?rest_route=\/wp\/v2\/posts\/225268\/revisions\/225274"}],"wp:featuredmedia":[{"embeddable":true,"href":"https:\/\/grundschule-homberg.de\/wp\/index.php?rest_route=\/wp\/v2\/media\/225270"}],"wp:attachment":[{"href":"https:\/\/grundschule-homberg.de\/wp\/index.php?rest_route=%2Fwp%2Fv2%2Fmedia&parent=225268"}],"wp:term":[{"taxonomy":"category","embeddable":true,"href":"https:\/\/grundschule-homberg.de\/wp\/index.php?rest_route=%2Fwp%2Fv2%2Fcategories&post=225268"},{"taxonomy":"post_tag","embeddable":true,"href":"https:\/\/grundschule-homberg.de\/wp\/index.php?rest_route=%2Fwp%2Fv2%2Ftags&post=225268"}],"curies":[{"name":"wp","href":"https:\/\/api.w.org\/{rel}","templated":true}]}}