{"id":225478,"date":"2025-11-16T17:36:05","date_gmt":"2025-11-16T16:36:05","guid":{"rendered":"https:\/\/grundschule-homberg.de\/wp\/?p=225478"},"modified":"2025-11-16T17:55:42","modified_gmt":"2025-11-16T16:55:42","slug":"waldprojekttage-der-3-klassen","status":"publish","type":"post","link":"https:\/\/grundschule-homberg.de\/wp\/?p=225478","title":{"rendered":"Waldprojekttage der 3. Klassen"},"content":{"rendered":"<p>Die \u201eRollende Waldschule\u201c<\/p>\n<p>Da staunten die Kinder der 3. Klassen und ihre Lehrerinnen Frau Boyens, Frau Frank-Arens und Frau Vogelsberg nicht schlecht als am letzten Freitag (07.11.) die \u201eRollende Waldschule\u201c der J\u00e4gervereinigung Oberhessen e.V. zu Besuch an ihre Grundschule in Homberg kam.<\/p>\n<p>Dieses Projekt hat zum Ziel, Kinder auf vielf\u00e4ltige Weise die Natur wieder mit allen Sinnen entdecken zu lassen.<\/p>\n<p>Die Initiative zum Besuch entstand durch die Klassenelternbeir\u00e4tin der Klasse 3c, Frau Daniela R\u00e4the, die Mitglied in dem Verein ist. Gemeinsam mit ihren Mitarbeitern Herr Berg und Herr Anders boten sie den Kindern einen abwechslungsreichen und interessanten Einblick in das Thema \u201eWald\u201c. Die Kinder wurden nach Klassen eingeteilt und besch\u00e4ftigten sich jeweils eine Zeitstunde mit den Themen \u201eLaub- und Nadelb\u00e4ume\u201c, \u201eTiere des Waldes\u201c und die \u201eStockwerke des Waldes\u201c.&nbsp; Besonders spannend war der&nbsp; Anh\u00e4nger mit den lebensechten Pr\u00e4paraten der heimischen Waldtiere. Sogar echte Felle durften erf\u00fchlt werden. Gro\u00dfen Spa\u00df hatten die Kinder auch beim Sammeln und Bestimmen&nbsp; von \u201eWaldsch\u00e4tzen\u201c (Bl\u00e4tter, Fr\u00fcchte,..etc.) aus den verschiedenen Stockwerken in dem angrenzenden Wald. Zum Aufw\u00e4rmen ging es dann zwischendurch in den Klassenraum. Dort wurden mit Hilfe von zahlreichem Info-Material Laub- und Nadelb\u00e4ume und ihre Bl\u00e4tter und Fr\u00fcchte bestimmt.<\/p>\n<p>Fazit: Es war ein toller und lehrreicher Vormittag, der den Kindern die Wichtigkeit einer intakten Natur und den Schutz der Wildtiere und ihrer Lebensr\u00e4ume noch einmal deutlich machte.<\/p>\n<p>\u201eBaumpflanzaktion in Maulbach\u201c<\/p>\n<p>F\u00fcr die Klasse 3c ging es an diesem Freitag (14.11.) mit den Waldprojekttagen weiter.<\/p>\n<p>Die Kinder lie\u00dfen sich morgens von ihren Eltern nach Maulbach bringen, wo sie und ihre Klassenlehrerin Frau Vogelsberg von Frau Christa Seim vom \u201eMaulbacher Vogel- und Tierschutzverein\u201c&nbsp; empfangen wurden.<\/p>\n<p>Von dort wanderten sie mit Klappspaten, Handschuhen und Schaufeln ausger\u00fcstet gemeinsam mit Frau Anne Schmidt, die den Kontakt zum Verein hergestellt hatte, zum \u201eSteimel\u201c. Dort befindet sich die st\u00e4dtische Streuobstwiese &#8222;Himmelsteih\u201c.&nbsp;<\/p>\n<p>Dann ging es auch schon tatkr\u00e4ftig zur Sache. Mit viel Einsatz pflanzten die Kinder dort zwei Walnussb\u00e4ume, die extra daf\u00fcr von der Stadt Homberg gespendet wurden.<\/p>\n<p>Nach getaner Arbeit musste erstmal der steilen Anstieg zum Steimel hinauf bezwungen werden. Oben angekommen, &nbsp;lie\u00dfen sich die Kinder ihr Fr\u00fchst\u00fcck schmecken und Frau Seim spendierte selbstgekelterten Apfelsaft aus \u00c4pfeln der dortigen Apfelb\u00e4umen. Jedes Kind erhielt danach noch eine Walnuss, die entweder direkt in die Erde gesetzt oder mit nach Hause genommen werden durften.<\/p>\n<p>Zum Abschluss gab es noch ein Suchspiel, bei dem Dinge aus der Natur (Bl\u00e4tter, Bl\u00fcten, Fr\u00fcchte..) gesammelt und bestimmt wurden. Zur Freude und zum Erstaunen aller zeigten sich sogar noch drei Rehe\u2026<\/p>\n<p>Nachdem die Kinder noch ein wenig Zeit zum freien Spiel im Wald hatten, ging es wieder zu Fu\u00df nach Maulbach zur\u00fcck.<\/p>\n<p>Stolz, etwas zum Umweltschutz beigetragen haben, endete ein ereignisreicher Vormittag f\u00fcr die Kinder. Sie versprachen, im n\u00e4chsten Jahr wiederzukommen, um nach \u201eihren\u201c B\u00e4umen zu sehen.<\/p>\n<p><a href=\"https:\/\/i0.wp.com\/grundschule-homberg.de\/wp\/wp-content\/uploads\/2025\/11\/WOiLzlcEMOOuRWuWLfsGGYxv-scaled.jpg?ssl=1\"><img data-recalc-dims=\"1\" loading=\"lazy\" decoding=\"async\" class=\"alignnone size-medium wp-image-225479\" src=\"https:\/\/i0.wp.com\/grundschule-homberg.de\/wp\/wp-content\/uploads\/2025\/11\/WOiLzlcEMOOuRWuWLfsGGYxv.jpg?resize=300%2C169&#038;ssl=1\" alt=\"\" width=\"300\" height=\"169\" srcset=\"https:\/\/i0.wp.com\/grundschule-homberg.de\/wp\/wp-content\/uploads\/2025\/11\/WOiLzlcEMOOuRWuWLfsGGYxv-scaled.jpg?resize=300%2C169&amp;ssl=1 300w, https:\/\/i0.wp.com\/grundschule-homberg.de\/wp\/wp-content\/uploads\/2025\/11\/WOiLzlcEMOOuRWuWLfsGGYxv-scaled.jpg?resize=1024%2C577&amp;ssl=1 1024w, https:\/\/i0.wp.com\/grundschule-homberg.de\/wp\/wp-content\/uploads\/2025\/11\/WOiLzlcEMOOuRWuWLfsGGYxv-scaled.jpg?resize=150%2C84&amp;ssl=1 150w, https:\/\/i0.wp.com\/grundschule-homberg.de\/wp\/wp-content\/uploads\/2025\/11\/WOiLzlcEMOOuRWuWLfsGGYxv-scaled.jpg?resize=768%2C432&amp;ssl=1 768w, https:\/\/i0.wp.com\/grundschule-homberg.de\/wp\/wp-content\/uploads\/2025\/11\/WOiLzlcEMOOuRWuWLfsGGYxv-scaled.jpg?resize=1536%2C865&amp;ssl=1 1536w, https:\/\/i0.wp.com\/grundschule-homberg.de\/wp\/wp-content\/uploads\/2025\/11\/WOiLzlcEMOOuRWuWLfsGGYxv-scaled.jpg?resize=2048%2C1153&amp;ssl=1 2048w, https:\/\/i0.wp.com\/grundschule-homberg.de\/wp\/wp-content\/uploads\/2025\/11\/WOiLzlcEMOOuRWuWLfsGGYxv-scaled.jpg?w=1208&amp;ssl=1 1208w, https:\/\/i0.wp.com\/grundschule-homberg.de\/wp\/wp-content\/uploads\/2025\/11\/WOiLzlcEMOOuRWuWLfsGGYxv-scaled.jpg?w=1812&amp;ssl=1 1812w\" sizes=\"auto, (max-width: 300px) 100vw, 300px\" \/><\/a> <a href=\"https:\/\/i0.wp.com\/grundschule-homberg.de\/wp\/wp-content\/uploads\/2025\/11\/xIUGYPftPkQEoEfhLZCwOKPw.jpg?ssl=1\"><img data-recalc-dims=\"1\" loading=\"lazy\" decoding=\"async\" class=\"alignnone size-medium wp-image-225480\" src=\"https:\/\/i0.wp.com\/grundschule-homberg.de\/wp\/wp-content\/uploads\/2025\/11\/xIUGYPftPkQEoEfhLZCwOKPw.jpg?resize=225%2C300&#038;ssl=1\" alt=\"\" width=\"225\" height=\"300\" srcset=\"https:\/\/i0.wp.com\/grundschule-homberg.de\/wp\/wp-content\/uploads\/2025\/11\/xIUGYPftPkQEoEfhLZCwOKPw.jpg?resize=225%2C300&amp;ssl=1 225w, https:\/\/i0.wp.com\/grundschule-homberg.de\/wp\/wp-content\/uploads\/2025\/11\/xIUGYPftPkQEoEfhLZCwOKPw.jpg?resize=768%2C1024&amp;ssl=1 768w, https:\/\/i0.wp.com\/grundschule-homberg.de\/wp\/wp-content\/uploads\/2025\/11\/xIUGYPftPkQEoEfhLZCwOKPw.jpg?resize=113%2C150&amp;ssl=1 113w, https:\/\/i0.wp.com\/grundschule-homberg.de\/wp\/wp-content\/uploads\/2025\/11\/xIUGYPftPkQEoEfhLZCwOKPw.jpg?resize=1152%2C1536&amp;ssl=1 1152w, https:\/\/i0.wp.com\/grundschule-homberg.de\/wp\/wp-content\/uploads\/2025\/11\/xIUGYPftPkQEoEfhLZCwOKPw.jpg?w=1200&amp;ssl=1 1200w\" sizes=\"auto, (max-width: 225px) 100vw, 225px\" \/><\/a> <a href=\"https:\/\/i0.wp.com\/grundschule-homberg.de\/wp\/wp-content\/uploads\/2025\/11\/xVBpUETJJwLQEFXwFCzZeViL-scaled.jpg?ssl=1\"><img data-recalc-dims=\"1\" loading=\"lazy\" decoding=\"async\" class=\"alignnone size-medium wp-image-225481\" src=\"https:\/\/i0.wp.com\/grundschule-homberg.de\/wp\/wp-content\/uploads\/2025\/11\/xVBpUETJJwLQEFXwFCzZeViL.jpg?resize=169%2C300&#038;ssl=1\" alt=\"\" width=\"169\" height=\"300\" srcset=\"https:\/\/i0.wp.com\/grundschule-homberg.de\/wp\/wp-content\/uploads\/2025\/11\/xVBpUETJJwLQEFXwFCzZeViL-scaled.jpg?resize=169%2C300&amp;ssl=1 169w, https:\/\/i0.wp.com\/grundschule-homberg.de\/wp\/wp-content\/uploads\/2025\/11\/xVBpUETJJwLQEFXwFCzZeViL-scaled.jpg?resize=577%2C1024&amp;ssl=1 577w, https:\/\/i0.wp.com\/grundschule-homberg.de\/wp\/wp-content\/uploads\/2025\/11\/xVBpUETJJwLQEFXwFCzZeViL-scaled.jpg?resize=84%2C150&amp;ssl=1 84w, https:\/\/i0.wp.com\/grundschule-homberg.de\/wp\/wp-content\/uploads\/2025\/11\/xVBpUETJJwLQEFXwFCzZeViL-scaled.jpg?resize=768%2C1364&amp;ssl=1 768w, https:\/\/i0.wp.com\/grundschule-homberg.de\/wp\/wp-content\/uploads\/2025\/11\/xVBpUETJJwLQEFXwFCzZeViL-scaled.jpg?resize=865%2C1536&amp;ssl=1 865w, https:\/\/i0.wp.com\/grundschule-homberg.de\/wp\/wp-content\/uploads\/2025\/11\/xVBpUETJJwLQEFXwFCzZeViL-scaled.jpg?resize=1153%2C2048&amp;ssl=1 1153w, https:\/\/i0.wp.com\/grundschule-homberg.de\/wp\/wp-content\/uploads\/2025\/11\/xVBpUETJJwLQEFXwFCzZeViL-scaled.jpg?w=1441&amp;ssl=1 1441w, https:\/\/i0.wp.com\/grundschule-homberg.de\/wp\/wp-content\/uploads\/2025\/11\/xVBpUETJJwLQEFXwFCzZeViL-scaled.jpg?w=1208&amp;ssl=1 1208w\" sizes=\"auto, (max-width: 169px) 100vw, 169px\" \/><\/a> <a href=\"https:\/\/i0.wp.com\/grundschule-homberg.de\/wp\/wp-content\/uploads\/2025\/11\/fJSKCAoqsQatTvSUztersFMH.jpg?ssl=1\"><img data-recalc-dims=\"1\" loading=\"lazy\" decoding=\"async\" class=\"alignnone size-medium wp-image-225482\" src=\"https:\/\/i0.wp.com\/grundschule-homberg.de\/wp\/wp-content\/uploads\/2025\/11\/fJSKCAoqsQatTvSUztersFMH.jpg?resize=300%2C225&#038;ssl=1\" alt=\"\" width=\"300\" height=\"225\" srcset=\"https:\/\/i0.wp.com\/grundschule-homberg.de\/wp\/wp-content\/uploads\/2025\/11\/fJSKCAoqsQatTvSUztersFMH.jpg?resize=300%2C225&amp;ssl=1 300w, https:\/\/i0.wp.com\/grundschule-homberg.de\/wp\/wp-content\/uploads\/2025\/11\/fJSKCAoqsQatTvSUztersFMH.jpg?resize=1024%2C768&amp;ssl=1 1024w, https:\/\/i0.wp.com\/grundschule-homberg.de\/wp\/wp-content\/uploads\/2025\/11\/fJSKCAoqsQatTvSUztersFMH.jpg?resize=150%2C113&amp;ssl=1 150w, https:\/\/i0.wp.com\/grundschule-homberg.de\/wp\/wp-content\/uploads\/2025\/11\/fJSKCAoqsQatTvSUztersFMH.jpg?resize=768%2C576&amp;ssl=1 768w, https:\/\/i0.wp.com\/grundschule-homberg.de\/wp\/wp-content\/uploads\/2025\/11\/fJSKCAoqsQatTvSUztersFMH.jpg?resize=1536%2C1152&amp;ssl=1 1536w, https:\/\/i0.wp.com\/grundschule-homberg.de\/wp\/wp-content\/uploads\/2025\/11\/fJSKCAoqsQatTvSUztersFMH.jpg?w=1600&amp;ssl=1 1600w, https:\/\/i0.wp.com\/grundschule-homberg.de\/wp\/wp-content\/uploads\/2025\/11\/fJSKCAoqsQatTvSUztersFMH.jpg?w=1208&amp;ssl=1 1208w\" sizes=\"auto, (max-width: 300px) 100vw, 300px\" \/><\/a> <a href=\"https:\/\/i0.wp.com\/grundschule-homberg.de\/wp\/wp-content\/uploads\/2025\/11\/FLSnVqhlTKDmwVUqmBXOMhsM.jpg?ssl=1\"><img data-recalc-dims=\"1\" loading=\"lazy\" decoding=\"async\" class=\"alignnone size-medium wp-image-225483\" src=\"https:\/\/i0.wp.com\/grundschule-homberg.de\/wp\/wp-content\/uploads\/2025\/11\/FLSnVqhlTKDmwVUqmBXOMhsM.jpg?resize=225%2C300&#038;ssl=1\" alt=\"\" width=\"225\" height=\"300\" srcset=\"https:\/\/i0.wp.com\/grundschule-homberg.de\/wp\/wp-content\/uploads\/2025\/11\/FLSnVqhlTKDmwVUqmBXOMhsM.jpg?resize=225%2C300&amp;ssl=1 225w, https:\/\/i0.wp.com\/grundschule-homberg.de\/wp\/wp-content\/uploads\/2025\/11\/FLSnVqhlTKDmwVUqmBXOMhsM.jpg?resize=768%2C1024&amp;ssl=1 768w, https:\/\/i0.wp.com\/grundschule-homberg.de\/wp\/wp-content\/uploads\/2025\/11\/FLSnVqhlTKDmwVUqmBXOMhsM.jpg?resize=113%2C150&amp;ssl=1 113w, https:\/\/i0.wp.com\/grundschule-homberg.de\/wp\/wp-content\/uploads\/2025\/11\/FLSnVqhlTKDmwVUqmBXOMhsM.jpg?resize=1152%2C1536&amp;ssl=1 1152w, https:\/\/i0.wp.com\/grundschule-homberg.de\/wp\/wp-content\/uploads\/2025\/11\/FLSnVqhlTKDmwVUqmBXOMhsM.jpg?w=1200&amp;ssl=1 1200w\" sizes=\"auto, (max-width: 225px) 100vw, 225px\" \/><\/a> <a href=\"https:\/\/i0.wp.com\/grundschule-homberg.de\/wp\/wp-content\/uploads\/2025\/11\/kLTSQfvvpidpChcyClgKmpWR.jpg?ssl=1\"><img data-recalc-dims=\"1\" loading=\"lazy\" decoding=\"async\" class=\"alignnone size-medium wp-image-225484\" src=\"https:\/\/i0.wp.com\/grundschule-homberg.de\/wp\/wp-content\/uploads\/2025\/11\/kLTSQfvvpidpChcyClgKmpWR.jpg?resize=225%2C300&#038;ssl=1\" alt=\"\" width=\"225\" height=\"300\" srcset=\"https:\/\/i0.wp.com\/grundschule-homberg.de\/wp\/wp-content\/uploads\/2025\/11\/kLTSQfvvpidpChcyClgKmpWR.jpg?resize=225%2C300&amp;ssl=1 225w, https:\/\/i0.wp.com\/grundschule-homberg.de\/wp\/wp-content\/uploads\/2025\/11\/kLTSQfvvpidpChcyClgKmpWR.jpg?resize=768%2C1024&amp;ssl=1 768w, https:\/\/i0.wp.com\/grundschule-homberg.de\/wp\/wp-content\/uploads\/2025\/11\/kLTSQfvvpidpChcyClgKmpWR.jpg?resize=113%2C150&amp;ssl=1 113w, https:\/\/i0.wp.com\/grundschule-homberg.de\/wp\/wp-content\/uploads\/2025\/11\/kLTSQfvvpidpChcyClgKmpWR.jpg?resize=1152%2C1536&amp;ssl=1 1152w, https:\/\/i0.wp.com\/grundschule-homberg.de\/wp\/wp-content\/uploads\/2025\/11\/kLTSQfvvpidpChcyClgKmpWR.jpg?w=1200&amp;ssl=1 1200w\" sizes=\"auto, (max-width: 225px) 100vw, 225px\" \/><\/a> <a href=\"https:\/\/i0.wp.com\/grundschule-homberg.de\/wp\/wp-content\/uploads\/2025\/11\/LSnIsDHgAANXUHdYjLikbQgS.jpg?ssl=1\"><img data-recalc-dims=\"1\" loading=\"lazy\" decoding=\"async\" class=\"alignnone size-medium wp-image-225485\" src=\"https:\/\/i0.wp.com\/grundschule-homberg.de\/wp\/wp-content\/uploads\/2025\/11\/LSnIsDHgAANXUHdYjLikbQgS.jpg?resize=300%2C188&#038;ssl=1\" alt=\"\" width=\"300\" height=\"188\" srcset=\"https:\/\/i0.wp.com\/grundschule-homberg.de\/wp\/wp-content\/uploads\/2025\/11\/LSnIsDHgAANXUHdYjLikbQgS.jpg?resize=300%2C188&amp;ssl=1 300w, https:\/\/i0.wp.com\/grundschule-homberg.de\/wp\/wp-content\/uploads\/2025\/11\/LSnIsDHgAANXUHdYjLikbQgS.jpg?resize=1024%2C641&amp;ssl=1 1024w, https:\/\/i0.wp.com\/grundschule-homberg.de\/wp\/wp-content\/uploads\/2025\/11\/LSnIsDHgAANXUHdYjLikbQgS.jpg?resize=150%2C94&amp;ssl=1 150w, https:\/\/i0.wp.com\/grundschule-homberg.de\/wp\/wp-content\/uploads\/2025\/11\/LSnIsDHgAANXUHdYjLikbQgS.jpg?resize=768%2C480&amp;ssl=1 768w, https:\/\/i0.wp.com\/grundschule-homberg.de\/wp\/wp-content\/uploads\/2025\/11\/LSnIsDHgAANXUHdYjLikbQgS.jpg?resize=1536%2C961&amp;ssl=1 1536w, https:\/\/i0.wp.com\/grundschule-homberg.de\/wp\/wp-content\/uploads\/2025\/11\/LSnIsDHgAANXUHdYjLikbQgS.jpg?w=1600&amp;ssl=1 1600w, https:\/\/i0.wp.com\/grundschule-homberg.de\/wp\/wp-content\/uploads\/2025\/11\/LSnIsDHgAANXUHdYjLikbQgS.jpg?w=1208&amp;ssl=1 1208w\" sizes=\"auto, (max-width: 300px) 100vw, 300px\" \/><\/a> <a href=\"https:\/\/i0.wp.com\/grundschule-homberg.de\/wp\/wp-content\/uploads\/2025\/11\/pphMIlvIidrJASqaDfWEjBPZ-scaled.jpg?ssl=1\"><img data-recalc-dims=\"1\" loading=\"lazy\" decoding=\"async\" class=\"alignnone size-medium wp-image-225486\" src=\"https:\/\/i0.wp.com\/grundschule-homberg.de\/wp\/wp-content\/uploads\/2025\/11\/pphMIlvIidrJASqaDfWEjBPZ.jpg?resize=169%2C300&#038;ssl=1\" alt=\"\" width=\"169\" height=\"300\" srcset=\"https:\/\/i0.wp.com\/grundschule-homberg.de\/wp\/wp-content\/uploads\/2025\/11\/pphMIlvIidrJASqaDfWEjBPZ-scaled.jpg?resize=169%2C300&amp;ssl=1 169w, https:\/\/i0.wp.com\/grundschule-homberg.de\/wp\/wp-content\/uploads\/2025\/11\/pphMIlvIidrJASqaDfWEjBPZ-scaled.jpg?resize=577%2C1024&amp;ssl=1 577w, https:\/\/i0.wp.com\/grundschule-homberg.de\/wp\/wp-content\/uploads\/2025\/11\/pphMIlvIidrJASqaDfWEjBPZ-scaled.jpg?resize=84%2C150&amp;ssl=1 84w, https:\/\/i0.wp.com\/grundschule-homberg.de\/wp\/wp-content\/uploads\/2025\/11\/pphMIlvIidrJASqaDfWEjBPZ-scaled.jpg?resize=768%2C1364&amp;ssl=1 768w, https:\/\/i0.wp.com\/grundschule-homberg.de\/wp\/wp-content\/uploads\/2025\/11\/pphMIlvIidrJASqaDfWEjBPZ-scaled.jpg?resize=865%2C1536&amp;ssl=1 865w, https:\/\/i0.wp.com\/grundschule-homberg.de\/wp\/wp-content\/uploads\/2025\/11\/pphMIlvIidrJASqaDfWEjBPZ-scaled.jpg?resize=1153%2C2048&amp;ssl=1 1153w, https:\/\/i0.wp.com\/grundschule-homberg.de\/wp\/wp-content\/uploads\/2025\/11\/pphMIlvIidrJASqaDfWEjBPZ-scaled.jpg?w=1441&amp;ssl=1 1441w, https:\/\/i0.wp.com\/grundschule-homberg.de\/wp\/wp-content\/uploads\/2025\/11\/pphMIlvIidrJASqaDfWEjBPZ-scaled.jpg?w=1208&amp;ssl=1 1208w\" sizes=\"auto, (max-width: 169px) 100vw, 169px\" \/><\/a> <a href=\"https:\/\/i0.wp.com\/grundschule-homberg.de\/wp\/wp-content\/uploads\/2025\/11\/REOoBQxCauQYErwBBXdiQwsQ-1-scaled.jpg?ssl=1\"><img data-recalc-dims=\"1\" loading=\"lazy\" decoding=\"async\" class=\"alignnone size-medium wp-image-225487\" src=\"https:\/\/i0.wp.com\/grundschule-homberg.de\/wp\/wp-content\/uploads\/2025\/11\/REOoBQxCauQYErwBBXdiQwsQ-1.jpg?resize=300%2C169&#038;ssl=1\" alt=\"\" width=\"300\" height=\"169\" srcset=\"https:\/\/i0.wp.com\/grundschule-homberg.de\/wp\/wp-content\/uploads\/2025\/11\/REOoBQxCauQYErwBBXdiQwsQ-1-scaled.jpg?resize=300%2C169&amp;ssl=1 300w, https:\/\/i0.wp.com\/grundschule-homberg.de\/wp\/wp-content\/uploads\/2025\/11\/REOoBQxCauQYErwBBXdiQwsQ-1-scaled.jpg?resize=1024%2C577&amp;ssl=1 1024w, https:\/\/i0.wp.com\/grundschule-homberg.de\/wp\/wp-content\/uploads\/2025\/11\/REOoBQxCauQYErwBBXdiQwsQ-1-scaled.jpg?resize=150%2C84&amp;ssl=1 150w, https:\/\/i0.wp.com\/grundschule-homberg.de\/wp\/wp-content\/uploads\/2025\/11\/REOoBQxCauQYErwBBXdiQwsQ-1-scaled.jpg?resize=768%2C432&amp;ssl=1 768w, https:\/\/i0.wp.com\/grundschule-homberg.de\/wp\/wp-content\/uploads\/2025\/11\/REOoBQxCauQYErwBBXdiQwsQ-1-scaled.jpg?resize=1536%2C865&amp;ssl=1 1536w, https:\/\/i0.wp.com\/grundschule-homberg.de\/wp\/wp-content\/uploads\/2025\/11\/REOoBQxCauQYErwBBXdiQwsQ-1-scaled.jpg?resize=2048%2C1153&amp;ssl=1 2048w, https:\/\/i0.wp.com\/grundschule-homberg.de\/wp\/wp-content\/uploads\/2025\/11\/REOoBQxCauQYErwBBXdiQwsQ-1-scaled.jpg?w=1208&amp;ssl=1 1208w, https:\/\/i0.wp.com\/grundschule-homberg.de\/wp\/wp-content\/uploads\/2025\/11\/REOoBQxCauQYErwBBXdiQwsQ-1-scaled.jpg?w=1812&amp;ssl=1 1812w\" sizes=\"auto, (max-width: 300px) 100vw, 300px\" \/><\/a><\/p>\n","protected":false},"excerpt":{"rendered":"<p>Die \u201eRollende Waldschule\u201c Da staunten die Kinder der 3. Klassen und ihre Lehrerinnen Frau Boyens, Frau Frank-Arens und Frau Vogelsberg nicht schlecht als am letzten Freitag (07.11.) die \u201eRollende Waldschule\u201c der J\u00e4gervereinigung Oberhessen e.V. zu Besuch an ihre Grundschule in Homberg kam. Dieses Projekt hat zum Ziel, Kinder auf vielf\u00e4ltige Weise die Natur wieder mit &hellip; <a href=\"https:\/\/grundschule-homberg.de\/wp\/?p=225478\" class=\"more-link\"><span class=\"screen-reader-text\">Waldprojekttage der 3. Klassen<\/span> weiterlesen <span class=\"meta-nav\">&rarr;<\/span><\/a><\/p>\n","protected":false},"author":2,"featured_media":225487,"comment_status":"closed","ping_status":"closed","sticky":false,"template":"","format":"standard","meta":{"ngg_post_thumbnail":0,"_jetpack_memberships_contains_paid_content":false,"footnotes":""},"categories":[1],"tags":[],"class_list":["post-225478","post","type-post","status-publish","format-standard","has-post-thumbnail","hentry","category-allgemein"],"jetpack_featured_media_url":"https:\/\/i0.wp.com\/grundschule-homberg.de\/wp\/wp-content\/uploads\/2025\/11\/REOoBQxCauQYErwBBXdiQwsQ-1-scaled.jpg?fit=2560%2C1441&ssl=1","jetpack_shortlink":"https:\/\/wp.me\/p3XuEZ-WEK","jetpack-related-posts":[],"jetpack_sharing_enabled":true,"_links":{"self":[{"href":"https:\/\/grundschule-homberg.de\/wp\/index.php?rest_route=\/wp\/v2\/posts\/225478","targetHints":{"allow":["GET"]}}],"collection":[{"href":"https:\/\/grundschule-homberg.de\/wp\/index.php?rest_route=\/wp\/v2\/posts"}],"about":[{"href":"https:\/\/grundschule-homberg.de\/wp\/index.php?rest_route=\/wp\/v2\/types\/post"}],"author":[{"embeddable":true,"href":"https:\/\/grundschule-homberg.de\/wp\/index.php?rest_route=\/wp\/v2\/users\/2"}],"replies":[{"embeddable":true,"href":"https:\/\/grundschule-homberg.de\/wp\/index.php?rest_route=%2Fwp%2Fv2%2Fcomments&post=225478"}],"version-history":[{"count":3,"href":"https:\/\/grundschule-homberg.de\/wp\/index.php?rest_route=\/wp\/v2\/posts\/225478\/revisions"}],"predecessor-version":[{"id":225492,"href":"https:\/\/grundschule-homberg.de\/wp\/index.php?rest_route=\/wp\/v2\/posts\/225478\/revisions\/225492"}],"wp:featuredmedia":[{"embeddable":true,"href":"https:\/\/grundschule-homberg.de\/wp\/index.php?rest_route=\/wp\/v2\/media\/225487"}],"wp:attachment":[{"href":"https:\/\/grundschule-homberg.de\/wp\/index.php?rest_route=%2Fwp%2Fv2%2Fmedia&parent=225478"}],"wp:term":[{"taxonomy":"category","embeddable":true,"href":"https:\/\/grundschule-homberg.de\/wp\/index.php?rest_route=%2Fwp%2Fv2%2Fcategories&post=225478"},{"taxonomy":"post_tag","embeddable":true,"href":"https:\/\/grundschule-homberg.de\/wp\/index.php?rest_route=%2Fwp%2Fv2%2Ftags&post=225478"}],"curies":[{"name":"wp","href":"https:\/\/api.w.org\/{rel}","templated":true}]}}