{"id":225595,"date":"2026-03-09T08:19:03","date_gmt":"2026-03-09T07:19:03","guid":{"rendered":"https:\/\/grundschule-homberg.de\/wp\/?p=225595"},"modified":"2026-03-09T08:20:55","modified_gmt":"2026-03-09T07:20:55","slug":"autorenlesung-mit-sven-gerhardt-2","status":"publish","type":"post","link":"https:\/\/grundschule-homberg.de\/wp\/?p=225595","title":{"rendered":"Autorenlesung mit Sven Gerhardt"},"content":{"rendered":"<p>Am Freitag, den 27.2.26 war der Kinderbuchautor Sven Gerhardt zu Gast an der Grundschule Homberg. F\u00fcr die Vorklassenkinder und die Sch\u00fclerinnen und Sch\u00fcler aus dem 1. und 2. Schuljahr las er aus seinem Buch Frida und Filu, der verflixte Flohmarktfall vor. F\u00fcr die \u00e4lteren Kinder wurde die Reihe um den Hausmeister Herr Blomster vorgestellt.<\/p>\n<p><a href=\"https:\/\/i0.wp.com\/grundschule-homberg.de\/wp\/wp-content\/uploads\/2026\/03\/IMG_20260227_113255-scaled.jpg?ssl=1\"><img data-recalc-dims=\"1\" loading=\"lazy\" decoding=\"async\" class=\"size-medium wp-image-225603 alignnone\" src=\"https:\/\/i0.wp.com\/grundschule-homberg.de\/wp\/wp-content\/uploads\/2026\/03\/IMG_20260227_113255.jpg?resize=225%2C300&#038;ssl=1\" alt=\"\" width=\"225\" height=\"300\" srcset=\"https:\/\/i0.wp.com\/grundschule-homberg.de\/wp\/wp-content\/uploads\/2026\/03\/IMG_20260227_113255-scaled.jpg?resize=225%2C300&amp;ssl=1 225w, https:\/\/i0.wp.com\/grundschule-homberg.de\/wp\/wp-content\/uploads\/2026\/03\/IMG_20260227_113255-scaled.jpg?resize=768%2C1024&amp;ssl=1 768w, https:\/\/i0.wp.com\/grundschule-homberg.de\/wp\/wp-content\/uploads\/2026\/03\/IMG_20260227_113255-scaled.jpg?resize=113%2C150&amp;ssl=1 113w, https:\/\/i0.wp.com\/grundschule-homberg.de\/wp\/wp-content\/uploads\/2026\/03\/IMG_20260227_113255-scaled.jpg?resize=1152%2C1536&amp;ssl=1 1152w, https:\/\/i0.wp.com\/grundschule-homberg.de\/wp\/wp-content\/uploads\/2026\/03\/IMG_20260227_113255-scaled.jpg?resize=1536%2C2048&amp;ssl=1 1536w, https:\/\/i0.wp.com\/grundschule-homberg.de\/wp\/wp-content\/uploads\/2026\/03\/IMG_20260227_113255-scaled.jpg?w=1920&amp;ssl=1 1920w, https:\/\/i0.wp.com\/grundschule-homberg.de\/wp\/wp-content\/uploads\/2026\/03\/IMG_20260227_113255-scaled.jpg?w=1208&amp;ssl=1 1208w, https:\/\/i0.wp.com\/grundschule-homberg.de\/wp\/wp-content\/uploads\/2026\/03\/IMG_20260227_113255-scaled.jpg?w=1812&amp;ssl=1 1812w\" sizes=\"auto, (max-width: 225px) 100vw, 225px\" \/><\/a> <a href=\"https:\/\/i0.wp.com\/grundschule-homberg.de\/wp\/wp-content\/uploads\/2026\/03\/IMG_20260227_113225-scaled.jpg?ssl=1\"><img data-recalc-dims=\"1\" loading=\"lazy\" decoding=\"async\" class=\"size-medium wp-image-225602 alignnone\" src=\"https:\/\/i0.wp.com\/grundschule-homberg.de\/wp\/wp-content\/uploads\/2026\/03\/IMG_20260227_113225.jpg?resize=225%2C300&#038;ssl=1\" alt=\"\" width=\"225\" height=\"300\" srcset=\"https:\/\/i0.wp.com\/grundschule-homberg.de\/wp\/wp-content\/uploads\/2026\/03\/IMG_20260227_113225-scaled.jpg?resize=225%2C300&amp;ssl=1 225w, https:\/\/i0.wp.com\/grundschule-homberg.de\/wp\/wp-content\/uploads\/2026\/03\/IMG_20260227_113225-scaled.jpg?resize=768%2C1024&amp;ssl=1 768w, https:\/\/i0.wp.com\/grundschule-homberg.de\/wp\/wp-content\/uploads\/2026\/03\/IMG_20260227_113225-scaled.jpg?resize=113%2C150&amp;ssl=1 113w, https:\/\/i0.wp.com\/grundschule-homberg.de\/wp\/wp-content\/uploads\/2026\/03\/IMG_20260227_113225-scaled.jpg?resize=1152%2C1536&amp;ssl=1 1152w, https:\/\/i0.wp.com\/grundschule-homberg.de\/wp\/wp-content\/uploads\/2026\/03\/IMG_20260227_113225-scaled.jpg?resize=1536%2C2048&amp;ssl=1 1536w, https:\/\/i0.wp.com\/grundschule-homberg.de\/wp\/wp-content\/uploads\/2026\/03\/IMG_20260227_113225-scaled.jpg?w=1920&amp;ssl=1 1920w, https:\/\/i0.wp.com\/grundschule-homberg.de\/wp\/wp-content\/uploads\/2026\/03\/IMG_20260227_113225-scaled.jpg?w=1208&amp;ssl=1 1208w, https:\/\/i0.wp.com\/grundschule-homberg.de\/wp\/wp-content\/uploads\/2026\/03\/IMG_20260227_113225-scaled.jpg?w=1812&amp;ssl=1 1812w\" sizes=\"auto, (max-width: 225px) 100vw, 225px\" \/><\/a><\/p>\n<p>Herr Gerhardt baute immer wieder Bilder, kleine Animationen und Spiele in seinen Vortrag ein, sodass die Zeit wie im Flug verging. Am Ende konnten die Kinder noch zahlreiche Fragen an den Autor stellen.&nbsp;<\/p>\n<p>Nach der Lesung erhielten alle Kinder eine Autogrammkarte als Erinnerung. Manchen Kinder hatten B\u00fccher von Sven Gerhardt aus ihrem Privatbesitz mitgebracht. Diese Wurden ebenfalls signiert.&nbsp;<\/p>\n<p><a href=\"https:\/\/i0.wp.com\/grundschule-homberg.de\/wp\/wp-content\/uploads\/2026\/03\/IMG_20260227_103106-scaled.jpg?ssl=1\"><img data-recalc-dims=\"1\" loading=\"lazy\" decoding=\"async\" class=\"size-medium wp-image-225597 alignnone\" src=\"https:\/\/i0.wp.com\/grundschule-homberg.de\/wp\/wp-content\/uploads\/2026\/03\/IMG_20260227_103106.jpg?resize=300%2C225&#038;ssl=1\" alt=\"\" width=\"300\" height=\"225\" srcset=\"https:\/\/i0.wp.com\/grundschule-homberg.de\/wp\/wp-content\/uploads\/2026\/03\/IMG_20260227_103106-scaled.jpg?resize=300%2C225&amp;ssl=1 300w, https:\/\/i0.wp.com\/grundschule-homberg.de\/wp\/wp-content\/uploads\/2026\/03\/IMG_20260227_103106-scaled.jpg?resize=1024%2C768&amp;ssl=1 1024w, https:\/\/i0.wp.com\/grundschule-homberg.de\/wp\/wp-content\/uploads\/2026\/03\/IMG_20260227_103106-scaled.jpg?resize=150%2C113&amp;ssl=1 150w, https:\/\/i0.wp.com\/grundschule-homberg.de\/wp\/wp-content\/uploads\/2026\/03\/IMG_20260227_103106-scaled.jpg?resize=768%2C576&amp;ssl=1 768w, https:\/\/i0.wp.com\/grundschule-homberg.de\/wp\/wp-content\/uploads\/2026\/03\/IMG_20260227_103106-scaled.jpg?resize=1536%2C1152&amp;ssl=1 1536w, https:\/\/i0.wp.com\/grundschule-homberg.de\/wp\/wp-content\/uploads\/2026\/03\/IMG_20260227_103106-scaled.jpg?resize=2048%2C1536&amp;ssl=1 2048w, https:\/\/i0.wp.com\/grundschule-homberg.de\/wp\/wp-content\/uploads\/2026\/03\/IMG_20260227_103106-scaled.jpg?w=1208&amp;ssl=1 1208w, https:\/\/i0.wp.com\/grundschule-homberg.de\/wp\/wp-content\/uploads\/2026\/03\/IMG_20260227_103106-scaled.jpg?w=1812&amp;ssl=1 1812w\" sizes=\"auto, (max-width: 300px) 100vw, 300px\" \/><\/a> <a href=\"https:\/\/i0.wp.com\/grundschule-homberg.de\/wp\/wp-content\/uploads\/2026\/03\/IMG_20260227_103053-scaled.jpg?ssl=1\"><img data-recalc-dims=\"1\" loading=\"lazy\" decoding=\"async\" class=\"size-medium wp-image-225596 alignnone\" src=\"https:\/\/i0.wp.com\/grundschule-homberg.de\/wp\/wp-content\/uploads\/2026\/03\/IMG_20260227_103053.jpg?resize=300%2C225&#038;ssl=1\" alt=\"\" width=\"300\" height=\"225\" srcset=\"https:\/\/i0.wp.com\/grundschule-homberg.de\/wp\/wp-content\/uploads\/2026\/03\/IMG_20260227_103053-scaled.jpg?resize=300%2C225&amp;ssl=1 300w, https:\/\/i0.wp.com\/grundschule-homberg.de\/wp\/wp-content\/uploads\/2026\/03\/IMG_20260227_103053-scaled.jpg?resize=1024%2C768&amp;ssl=1 1024w, https:\/\/i0.wp.com\/grundschule-homberg.de\/wp\/wp-content\/uploads\/2026\/03\/IMG_20260227_103053-scaled.jpg?resize=150%2C113&amp;ssl=1 150w, https:\/\/i0.wp.com\/grundschule-homberg.de\/wp\/wp-content\/uploads\/2026\/03\/IMG_20260227_103053-scaled.jpg?resize=768%2C576&amp;ssl=1 768w, https:\/\/i0.wp.com\/grundschule-homberg.de\/wp\/wp-content\/uploads\/2026\/03\/IMG_20260227_103053-scaled.jpg?resize=1536%2C1152&amp;ssl=1 1536w, https:\/\/i0.wp.com\/grundschule-homberg.de\/wp\/wp-content\/uploads\/2026\/03\/IMG_20260227_103053-scaled.jpg?resize=2048%2C1536&amp;ssl=1 2048w, https:\/\/i0.wp.com\/grundschule-homberg.de\/wp\/wp-content\/uploads\/2026\/03\/IMG_20260227_103053-scaled.jpg?w=1208&amp;ssl=1 1208w, https:\/\/i0.wp.com\/grundschule-homberg.de\/wp\/wp-content\/uploads\/2026\/03\/IMG_20260227_103053-scaled.jpg?w=1812&amp;ssl=1 1812w\" sizes=\"auto, (max-width: 300px) 100vw, 300px\" \/><\/a><\/p>\n<p>Die Kosten f\u00fcr die Autorenlesung wurde zur H\u00e4lfte vom F\u00f6rderverein der Grundschule Homberg \u00fcbernommen. Vielen Dank f\u00fcr das sch\u00f6ne Event!<\/p>\n<p><a href=\"https:\/\/i0.wp.com\/grundschule-homberg.de\/wp\/wp-content\/uploads\/2026\/03\/IMG_20260227_112123-scaled.jpg?ssl=1\"><img data-recalc-dims=\"1\" loading=\"lazy\" decoding=\"async\" class=\"size-medium wp-image-225599 alignnone\" src=\"https:\/\/i0.wp.com\/grundschule-homberg.de\/wp\/wp-content\/uploads\/2026\/03\/IMG_20260227_112123.jpg?resize=300%2C225&#038;ssl=1\" alt=\"\" width=\"300\" height=\"225\" srcset=\"https:\/\/i0.wp.com\/grundschule-homberg.de\/wp\/wp-content\/uploads\/2026\/03\/IMG_20260227_112123-scaled.jpg?resize=300%2C225&amp;ssl=1 300w, https:\/\/i0.wp.com\/grundschule-homberg.de\/wp\/wp-content\/uploads\/2026\/03\/IMG_20260227_112123-scaled.jpg?resize=1024%2C768&amp;ssl=1 1024w, https:\/\/i0.wp.com\/grundschule-homberg.de\/wp\/wp-content\/uploads\/2026\/03\/IMG_20260227_112123-scaled.jpg?resize=150%2C113&amp;ssl=1 150w, https:\/\/i0.wp.com\/grundschule-homberg.de\/wp\/wp-content\/uploads\/2026\/03\/IMG_20260227_112123-scaled.jpg?resize=768%2C576&amp;ssl=1 768w, https:\/\/i0.wp.com\/grundschule-homberg.de\/wp\/wp-content\/uploads\/2026\/03\/IMG_20260227_112123-scaled.jpg?resize=1536%2C1152&amp;ssl=1 1536w, https:\/\/i0.wp.com\/grundschule-homberg.de\/wp\/wp-content\/uploads\/2026\/03\/IMG_20260227_112123-scaled.jpg?resize=2048%2C1536&amp;ssl=1 2048w, https:\/\/i0.wp.com\/grundschule-homberg.de\/wp\/wp-content\/uploads\/2026\/03\/IMG_20260227_112123-scaled.jpg?w=1208&amp;ssl=1 1208w, https:\/\/i0.wp.com\/grundschule-homberg.de\/wp\/wp-content\/uploads\/2026\/03\/IMG_20260227_112123-scaled.jpg?w=1812&amp;ssl=1 1812w\" sizes=\"auto, (max-width: 300px) 100vw, 300px\" \/><\/a> <a href=\"https:\/\/i0.wp.com\/grundschule-homberg.de\/wp\/wp-content\/uploads\/2026\/03\/IMG_20260227_112222-scaled.jpg?ssl=1\"><img data-recalc-dims=\"1\" loading=\"lazy\" decoding=\"async\" class=\"size-medium wp-image-225601 alignright\" src=\"https:\/\/i0.wp.com\/grundschule-homberg.de\/wp\/wp-content\/uploads\/2026\/03\/IMG_20260227_112222.jpg?resize=300%2C225&#038;ssl=1\" alt=\"\" width=\"300\" height=\"225\" srcset=\"https:\/\/i0.wp.com\/grundschule-homberg.de\/wp\/wp-content\/uploads\/2026\/03\/IMG_20260227_112222-scaled.jpg?resize=300%2C225&amp;ssl=1 300w, https:\/\/i0.wp.com\/grundschule-homberg.de\/wp\/wp-content\/uploads\/2026\/03\/IMG_20260227_112222-scaled.jpg?resize=1024%2C768&amp;ssl=1 1024w, https:\/\/i0.wp.com\/grundschule-homberg.de\/wp\/wp-content\/uploads\/2026\/03\/IMG_20260227_112222-scaled.jpg?resize=150%2C113&amp;ssl=1 150w, https:\/\/i0.wp.com\/grundschule-homberg.de\/wp\/wp-content\/uploads\/2026\/03\/IMG_20260227_112222-scaled.jpg?resize=768%2C576&amp;ssl=1 768w, https:\/\/i0.wp.com\/grundschule-homberg.de\/wp\/wp-content\/uploads\/2026\/03\/IMG_20260227_112222-scaled.jpg?resize=1536%2C1152&amp;ssl=1 1536w, https:\/\/i0.wp.com\/grundschule-homberg.de\/wp\/wp-content\/uploads\/2026\/03\/IMG_20260227_112222-scaled.jpg?resize=2048%2C1536&amp;ssl=1 2048w, https:\/\/i0.wp.com\/grundschule-homberg.de\/wp\/wp-content\/uploads\/2026\/03\/IMG_20260227_112222-scaled.jpg?w=1208&amp;ssl=1 1208w, https:\/\/i0.wp.com\/grundschule-homberg.de\/wp\/wp-content\/uploads\/2026\/03\/IMG_20260227_112222-scaled.jpg?w=1812&amp;ssl=1 1812w\" sizes=\"auto, (max-width: 300px) 100vw, 300px\" \/><\/a><\/p>\n","protected":false},"excerpt":{"rendered":"<p>Am Freitag, den 27.2.26 war der Kinderbuchautor Sven Gerhardt zu Gast an der Grundschule Homberg. F\u00fcr die Vorklassenkinder und die Sch\u00fclerinnen und Sch\u00fcler aus dem 1. und 2. Schuljahr las er aus seinem Buch Frida und Filu, der verflixte Flohmarktfall vor. F\u00fcr die \u00e4lteren Kinder wurde die Reihe um den Hausmeister Herr Blomster vorgestellt. Herr &hellip; <a href=\"https:\/\/grundschule-homberg.de\/wp\/?p=225595\" class=\"more-link\"><span class=\"screen-reader-text\">Autorenlesung mit Sven Gerhardt<\/span> weiterlesen <span class=\"meta-nav\">&rarr;<\/span><\/a><\/p>\n","protected":false},"author":2,"featured_media":225596,"comment_status":"closed","ping_status":"closed","sticky":false,"template":"","format":"standard","meta":{"ngg_post_thumbnail":0,"_jetpack_memberships_contains_paid_content":false,"footnotes":""},"categories":[1],"tags":[],"class_list":["post-225595","post","type-post","status-publish","format-standard","has-post-thumbnail","hentry","category-allgemein"],"jetpack_featured_media_url":"https:\/\/i0.wp.com\/grundschule-homberg.de\/wp\/wp-content\/uploads\/2026\/03\/IMG_20260227_103053-scaled.jpg?fit=2560%2C1920&ssl=1","jetpack_shortlink":"https:\/\/wp.me\/p3XuEZ-WGD","jetpack-related-posts":[],"jetpack_sharing_enabled":true,"_links":{"self":[{"href":"https:\/\/grundschule-homberg.de\/wp\/index.php?rest_route=\/wp\/v2\/posts\/225595","targetHints":{"allow":["GET"]}}],"collection":[{"href":"https:\/\/grundschule-homberg.de\/wp\/index.php?rest_route=\/wp\/v2\/posts"}],"about":[{"href":"https:\/\/grundschule-homberg.de\/wp\/index.php?rest_route=\/wp\/v2\/types\/post"}],"author":[{"embeddable":true,"href":"https:\/\/grundschule-homberg.de\/wp\/index.php?rest_route=\/wp\/v2\/users\/2"}],"replies":[{"embeddable":true,"href":"https:\/\/grundschule-homberg.de\/wp\/index.php?rest_route=%2Fwp%2Fv2%2Fcomments&post=225595"}],"version-history":[{"count":3,"href":"https:\/\/grundschule-homberg.de\/wp\/index.php?rest_route=\/wp\/v2\/posts\/225595\/revisions"}],"predecessor-version":[{"id":225606,"href":"https:\/\/grundschule-homberg.de\/wp\/index.php?rest_route=\/wp\/v2\/posts\/225595\/revisions\/225606"}],"wp:featuredmedia":[{"embeddable":true,"href":"https:\/\/grundschule-homberg.de\/wp\/index.php?rest_route=\/wp\/v2\/media\/225596"}],"wp:attachment":[{"href":"https:\/\/grundschule-homberg.de\/wp\/index.php?rest_route=%2Fwp%2Fv2%2Fmedia&parent=225595"}],"wp:term":[{"taxonomy":"category","embeddable":true,"href":"https:\/\/grundschule-homberg.de\/wp\/index.php?rest_route=%2Fwp%2Fv2%2Fcategories&post=225595"},{"taxonomy":"post_tag","embeddable":true,"href":"https:\/\/grundschule-homberg.de\/wp\/index.php?rest_route=%2Fwp%2Fv2%2Ftags&post=225595"}],"curies":[{"name":"wp","href":"https:\/\/api.w.org\/{rel}","templated":true}]}}