{"id":225609,"date":"2026-03-22T16:25:36","date_gmt":"2026-03-22T15:25:36","guid":{"rendered":"https:\/\/grundschule-homberg.de\/wp\/?p=225609"},"modified":"2026-03-22T16:25:36","modified_gmt":"2026-03-22T15:25:36","slug":"homberger-fruehjahrsputz","status":"publish","type":"post","link":"https:\/\/grundschule-homberg.de\/wp\/?p=225609","title":{"rendered":"Homberger Fr\u00fchjahrsputz"},"content":{"rendered":"<p>Am Samstag, den 20.3.2026, fand wieder der allj\u00e4hrliche Homberger Fr\u00fchjahrsputz statt.&nbsp;<\/p>\n<p>Die Kinder der Grundschule beteiligten sich bereits am Freitagvormittag an der M\u00fcllsammelaktion genauso wie die Sch\u00fclerinnen und Sch\u00fcler der Pestalozzischule und der Ohmtalschule.&nbsp;<\/p>\n<p>Die Grundsch\u00fclerinnen und Grundsch\u00fcler reinigten das Schulgel\u00e4nde und die Wege und Str\u00e4ucher um die Schulen herum von M\u00fcll und Plastikverpackungen.&nbsp;<\/p>\n<p style=\"padding-left: 40px; text-align: left;\">Jedes aufgehobene Plastikteil ist aktiver Gew\u00e4sserschutz, da verhindert wird, dass kleine Plastikpartikel \u00fcber B\u00e4che und Fl\u00fcsse bis in die Meere geschwemmt werden.<\/p>\n<p style=\"padding-left: 40px; text-align: left;\"><a href=\"https:\/\/i0.wp.com\/grundschule-homberg.de\/wp\/wp-content\/uploads\/2026\/03\/IMG_20260320_103918-scaled.jpg?ssl=1\"><img data-recalc-dims=\"1\" loading=\"lazy\" decoding=\"async\" class=\"alignnone size-medium wp-image-225614\" src=\"https:\/\/i0.wp.com\/grundschule-homberg.de\/wp\/wp-content\/uploads\/2026\/03\/IMG_20260320_103918.jpg?resize=300%2C225&#038;ssl=1\" alt=\"\" width=\"300\" height=\"225\" srcset=\"https:\/\/i0.wp.com\/grundschule-homberg.de\/wp\/wp-content\/uploads\/2026\/03\/IMG_20260320_103918-scaled.jpg?resize=300%2C225&amp;ssl=1 300w, https:\/\/i0.wp.com\/grundschule-homberg.de\/wp\/wp-content\/uploads\/2026\/03\/IMG_20260320_103918-scaled.jpg?resize=1024%2C768&amp;ssl=1 1024w, https:\/\/i0.wp.com\/grundschule-homberg.de\/wp\/wp-content\/uploads\/2026\/03\/IMG_20260320_103918-scaled.jpg?resize=150%2C113&amp;ssl=1 150w, https:\/\/i0.wp.com\/grundschule-homberg.de\/wp\/wp-content\/uploads\/2026\/03\/IMG_20260320_103918-scaled.jpg?resize=768%2C576&amp;ssl=1 768w, https:\/\/i0.wp.com\/grundschule-homberg.de\/wp\/wp-content\/uploads\/2026\/03\/IMG_20260320_103918-scaled.jpg?resize=1536%2C1152&amp;ssl=1 1536w, https:\/\/i0.wp.com\/grundschule-homberg.de\/wp\/wp-content\/uploads\/2026\/03\/IMG_20260320_103918-scaled.jpg?resize=2048%2C1536&amp;ssl=1 2048w, https:\/\/i0.wp.com\/grundschule-homberg.de\/wp\/wp-content\/uploads\/2026\/03\/IMG_20260320_103918-scaled.jpg?w=1208&amp;ssl=1 1208w, https:\/\/i0.wp.com\/grundschule-homberg.de\/wp\/wp-content\/uploads\/2026\/03\/IMG_20260320_103918-scaled.jpg?w=1812&amp;ssl=1 1812w\" sizes=\"auto, (max-width: 300px) 100vw, 300px\" \/><\/a><\/p>\n<p><a href=\"https:\/\/i0.wp.com\/grundschule-homberg.de\/wp\/wp-content\/uploads\/2026\/03\/IMG_20260320_104744-scaled.jpg?ssl=1\"><img data-recalc-dims=\"1\" loading=\"lazy\" decoding=\"async\" class=\"alignnone size-medium wp-image-225611\" src=\"https:\/\/i0.wp.com\/grundschule-homberg.de\/wp\/wp-content\/uploads\/2026\/03\/IMG_20260320_104744.jpg?resize=225%2C300&#038;ssl=1\" alt=\"\" width=\"225\" height=\"300\" srcset=\"https:\/\/i0.wp.com\/grundschule-homberg.de\/wp\/wp-content\/uploads\/2026\/03\/IMG_20260320_104744-scaled.jpg?resize=225%2C300&amp;ssl=1 225w, https:\/\/i0.wp.com\/grundschule-homberg.de\/wp\/wp-content\/uploads\/2026\/03\/IMG_20260320_104744-scaled.jpg?resize=768%2C1024&amp;ssl=1 768w, https:\/\/i0.wp.com\/grundschule-homberg.de\/wp\/wp-content\/uploads\/2026\/03\/IMG_20260320_104744-scaled.jpg?resize=113%2C150&amp;ssl=1 113w, https:\/\/i0.wp.com\/grundschule-homberg.de\/wp\/wp-content\/uploads\/2026\/03\/IMG_20260320_104744-scaled.jpg?resize=1152%2C1536&amp;ssl=1 1152w, https:\/\/i0.wp.com\/grundschule-homberg.de\/wp\/wp-content\/uploads\/2026\/03\/IMG_20260320_104744-scaled.jpg?resize=1536%2C2048&amp;ssl=1 1536w, https:\/\/i0.wp.com\/grundschule-homberg.de\/wp\/wp-content\/uploads\/2026\/03\/IMG_20260320_104744-scaled.jpg?w=1920&amp;ssl=1 1920w, https:\/\/i0.wp.com\/grundschule-homberg.de\/wp\/wp-content\/uploads\/2026\/03\/IMG_20260320_104744-scaled.jpg?w=1208&amp;ssl=1 1208w, https:\/\/i0.wp.com\/grundschule-homberg.de\/wp\/wp-content\/uploads\/2026\/03\/IMG_20260320_104744-scaled.jpg?w=1812&amp;ssl=1 1812w\" sizes=\"auto, (max-width: 225px) 100vw, 225px\" \/><\/a><\/p>\n<p><a href=\"https:\/\/i0.wp.com\/grundschule-homberg.de\/wp\/wp-content\/uploads\/2026\/03\/IMG_20260320_104108-scaled.jpg?ssl=1\"><img data-recalc-dims=\"1\" loading=\"lazy\" decoding=\"async\" class=\"alignnone size-medium wp-image-225613\" src=\"https:\/\/i0.wp.com\/grundschule-homberg.de\/wp\/wp-content\/uploads\/2026\/03\/IMG_20260320_104108.jpg?resize=225%2C300&#038;ssl=1\" alt=\"\" width=\"225\" height=\"300\" srcset=\"https:\/\/i0.wp.com\/grundschule-homberg.de\/wp\/wp-content\/uploads\/2026\/03\/IMG_20260320_104108-scaled.jpg?resize=225%2C300&amp;ssl=1 225w, https:\/\/i0.wp.com\/grundschule-homberg.de\/wp\/wp-content\/uploads\/2026\/03\/IMG_20260320_104108-scaled.jpg?resize=768%2C1024&amp;ssl=1 768w, https:\/\/i0.wp.com\/grundschule-homberg.de\/wp\/wp-content\/uploads\/2026\/03\/IMG_20260320_104108-scaled.jpg?resize=113%2C150&amp;ssl=1 113w, https:\/\/i0.wp.com\/grundschule-homberg.de\/wp\/wp-content\/uploads\/2026\/03\/IMG_20260320_104108-scaled.jpg?resize=1152%2C1536&amp;ssl=1 1152w, https:\/\/i0.wp.com\/grundschule-homberg.de\/wp\/wp-content\/uploads\/2026\/03\/IMG_20260320_104108-scaled.jpg?resize=1536%2C2048&amp;ssl=1 1536w, https:\/\/i0.wp.com\/grundschule-homberg.de\/wp\/wp-content\/uploads\/2026\/03\/IMG_20260320_104108-scaled.jpg?w=1920&amp;ssl=1 1920w, https:\/\/i0.wp.com\/grundschule-homberg.de\/wp\/wp-content\/uploads\/2026\/03\/IMG_20260320_104108-scaled.jpg?w=1208&amp;ssl=1 1208w, https:\/\/i0.wp.com\/grundschule-homberg.de\/wp\/wp-content\/uploads\/2026\/03\/IMG_20260320_104108-scaled.jpg?w=1812&amp;ssl=1 1812w\" sizes=\"auto, (max-width: 225px) 100vw, 225px\" \/><\/a><\/p>\n<p>Die Kinder nahmen es sehr genau und b\u00fcckten sich f\u00fcr jedes Bonbonpapier. Entsetzen \u00e4u\u00dferten sie \u00fcber der in der Natur und in einem T\u00fcmpel entsorgten Babyt\u00fccher. Die aus Plastikfasern hergestellten T\u00fccher verrotten nicht und bilden schleimige Klumpen im Wasser.&nbsp;<\/p>\n<p><a href=\"https:\/\/i0.wp.com\/grundschule-homberg.de\/wp\/wp-content\/uploads\/2026\/03\/IMG_20260320_104325-scaled.jpg?ssl=1\"><img data-recalc-dims=\"1\" loading=\"lazy\" decoding=\"async\" class=\"alignnone size-medium wp-image-225612\" src=\"https:\/\/i0.wp.com\/grundschule-homberg.de\/wp\/wp-content\/uploads\/2026\/03\/IMG_20260320_104325.jpg?resize=300%2C225&#038;ssl=1\" alt=\"\" width=\"300\" height=\"225\" srcset=\"https:\/\/i0.wp.com\/grundschule-homberg.de\/wp\/wp-content\/uploads\/2026\/03\/IMG_20260320_104325-scaled.jpg?resize=300%2C225&amp;ssl=1 300w, https:\/\/i0.wp.com\/grundschule-homberg.de\/wp\/wp-content\/uploads\/2026\/03\/IMG_20260320_104325-scaled.jpg?resize=1024%2C768&amp;ssl=1 1024w, https:\/\/i0.wp.com\/grundschule-homberg.de\/wp\/wp-content\/uploads\/2026\/03\/IMG_20260320_104325-scaled.jpg?resize=150%2C113&amp;ssl=1 150w, https:\/\/i0.wp.com\/grundschule-homberg.de\/wp\/wp-content\/uploads\/2026\/03\/IMG_20260320_104325-scaled.jpg?resize=768%2C576&amp;ssl=1 768w, https:\/\/i0.wp.com\/grundschule-homberg.de\/wp\/wp-content\/uploads\/2026\/03\/IMG_20260320_104325-scaled.jpg?resize=1536%2C1152&amp;ssl=1 1536w, https:\/\/i0.wp.com\/grundschule-homberg.de\/wp\/wp-content\/uploads\/2026\/03\/IMG_20260320_104325-scaled.jpg?resize=2048%2C1536&amp;ssl=1 2048w, https:\/\/i0.wp.com\/grundschule-homberg.de\/wp\/wp-content\/uploads\/2026\/03\/IMG_20260320_104325-scaled.jpg?w=1208&amp;ssl=1 1208w, https:\/\/i0.wp.com\/grundschule-homberg.de\/wp\/wp-content\/uploads\/2026\/03\/IMG_20260320_104325-scaled.jpg?w=1812&amp;ssl=1 1812w\" sizes=\"auto, (max-width: 300px) 100vw, 300px\" \/><\/a><\/p>\n<p><a href=\"https:\/\/i0.wp.com\/grundschule-homberg.de\/wp\/wp-content\/uploads\/2026\/03\/IMG_20260320_113129-scaled.jpg?ssl=1\"><img data-recalc-dims=\"1\" loading=\"lazy\" decoding=\"async\" class=\"alignnone size-medium wp-image-225610\" src=\"https:\/\/i0.wp.com\/grundschule-homberg.de\/wp\/wp-content\/uploads\/2026\/03\/IMG_20260320_113129.jpg?resize=300%2C225&#038;ssl=1\" alt=\"\" width=\"300\" height=\"225\" srcset=\"https:\/\/i0.wp.com\/grundschule-homberg.de\/wp\/wp-content\/uploads\/2026\/03\/IMG_20260320_113129-scaled.jpg?resize=300%2C225&amp;ssl=1 300w, https:\/\/i0.wp.com\/grundschule-homberg.de\/wp\/wp-content\/uploads\/2026\/03\/IMG_20260320_113129-scaled.jpg?resize=1024%2C768&amp;ssl=1 1024w, https:\/\/i0.wp.com\/grundschule-homberg.de\/wp\/wp-content\/uploads\/2026\/03\/IMG_20260320_113129-scaled.jpg?resize=150%2C113&amp;ssl=1 150w, https:\/\/i0.wp.com\/grundschule-homberg.de\/wp\/wp-content\/uploads\/2026\/03\/IMG_20260320_113129-scaled.jpg?resize=768%2C576&amp;ssl=1 768w, https:\/\/i0.wp.com\/grundschule-homberg.de\/wp\/wp-content\/uploads\/2026\/03\/IMG_20260320_113129-scaled.jpg?resize=1536%2C1152&amp;ssl=1 1536w, https:\/\/i0.wp.com\/grundschule-homberg.de\/wp\/wp-content\/uploads\/2026\/03\/IMG_20260320_113129-scaled.jpg?resize=2048%2C1536&amp;ssl=1 2048w, https:\/\/i0.wp.com\/grundschule-homberg.de\/wp\/wp-content\/uploads\/2026\/03\/IMG_20260320_113129-scaled.jpg?w=1208&amp;ssl=1 1208w, https:\/\/i0.wp.com\/grundschule-homberg.de\/wp\/wp-content\/uploads\/2026\/03\/IMG_20260320_113129-scaled.jpg?w=1812&amp;ssl=1 1812w\" sizes=\"auto, (max-width: 300px) 100vw, 300px\" \/><\/a><\/p>\n<p>Am Samstagmittag nahmen dann einige Kinder der Grundschule gemeinsam mit der Schulleiterin an der Abschlussveranstaltung am Feuerwehrst\u00fctzpunkt teil. Hierbei dankten sich die VertrerInnen der B\u00fcrgerstiftung, der Stadt Homberg sowie der ZAV f\u00fcr das Engagement der B\u00fcrgerinnen und B\u00fcrger.&nbsp;<\/p>\n<p>Die B\u00fcrgerstiftung Homberg honoriert die Teilnahme der Schulkinder mit einer Spende an die jeweiligen F\u00f6rdervereine.&nbsp;<\/p>\n<p>Vielen Dank!&nbsp;<\/p>\n","protected":false},"excerpt":{"rendered":"<p>Am Samstag, den 20.3.2026, fand wieder der allj\u00e4hrliche Homberger Fr\u00fchjahrsputz statt.&nbsp; Die Kinder der Grundschule beteiligten sich bereits am Freitagvormittag an der M\u00fcllsammelaktion genauso wie die Sch\u00fclerinnen und Sch\u00fcler der Pestalozzischule und der Ohmtalschule.&nbsp; Die Grundsch\u00fclerinnen und Grundsch\u00fcler reinigten das Schulgel\u00e4nde und die Wege und Str\u00e4ucher um die Schulen herum von M\u00fcll und Plastikverpackungen.&nbsp; Jedes &hellip; <a href=\"https:\/\/grundschule-homberg.de\/wp\/?p=225609\" class=\"more-link\"><span class=\"screen-reader-text\">Homberger Fr\u00fchjahrsputz<\/span> weiterlesen <span class=\"meta-nav\">&rarr;<\/span><\/a><\/p>\n","protected":false},"author":2,"featured_media":225615,"comment_status":"closed","ping_status":"closed","sticky":false,"template":"","format":"standard","meta":{"ngg_post_thumbnail":0,"_jetpack_memberships_contains_paid_content":false,"footnotes":""},"categories":[1],"tags":[],"class_list":["post-225609","post","type-post","status-publish","format-standard","has-post-thumbnail","hentry","category-allgemein"],"jetpack_featured_media_url":"https:\/\/i0.wp.com\/grundschule-homberg.de\/wp\/wp-content\/uploads\/2026\/03\/IMG-20260321-WA0001.jpg?fit=1600%2C1200&ssl=1","jetpack_shortlink":"https:\/\/wp.me\/p3XuEZ-WGR","jetpack-related-posts":[],"jetpack_sharing_enabled":true,"_links":{"self":[{"href":"https:\/\/grundschule-homberg.de\/wp\/index.php?rest_route=\/wp\/v2\/posts\/225609","targetHints":{"allow":["GET"]}}],"collection":[{"href":"https:\/\/grundschule-homberg.de\/wp\/index.php?rest_route=\/wp\/v2\/posts"}],"about":[{"href":"https:\/\/grundschule-homberg.de\/wp\/index.php?rest_route=\/wp\/v2\/types\/post"}],"author":[{"embeddable":true,"href":"https:\/\/grundschule-homberg.de\/wp\/index.php?rest_route=\/wp\/v2\/users\/2"}],"replies":[{"embeddable":true,"href":"https:\/\/grundschule-homberg.de\/wp\/index.php?rest_route=%2Fwp%2Fv2%2Fcomments&post=225609"}],"version-history":[{"count":1,"href":"https:\/\/grundschule-homberg.de\/wp\/index.php?rest_route=\/wp\/v2\/posts\/225609\/revisions"}],"predecessor-version":[{"id":225616,"href":"https:\/\/grundschule-homberg.de\/wp\/index.php?rest_route=\/wp\/v2\/posts\/225609\/revisions\/225616"}],"wp:featuredmedia":[{"embeddable":true,"href":"https:\/\/grundschule-homberg.de\/wp\/index.php?rest_route=\/wp\/v2\/media\/225615"}],"wp:attachment":[{"href":"https:\/\/grundschule-homberg.de\/wp\/index.php?rest_route=%2Fwp%2Fv2%2Fmedia&parent=225609"}],"wp:term":[{"taxonomy":"category","embeddable":true,"href":"https:\/\/grundschule-homberg.de\/wp\/index.php?rest_route=%2Fwp%2Fv2%2Fcategories&post=225609"},{"taxonomy":"post_tag","embeddable":true,"href":"https:\/\/grundschule-homberg.de\/wp\/index.php?rest_route=%2Fwp%2Fv2%2Ftags&post=225609"}],"curies":[{"name":"wp","href":"https:\/\/api.w.org\/{rel}","templated":true}]}}