{"id":27870,"date":"2013-11-20T22:02:33","date_gmt":"2013-11-20T21:02:33","guid":{"rendered":"http:\/\/grundschule-homberg.de\/wp\/?p=27870"},"modified":"2013-11-20T22:02:33","modified_gmt":"2013-11-20T21:02:33","slug":"info-schuelerbefoerderung-waehrend-des-winters","status":"publish","type":"post","link":"https:\/\/grundschule-homberg.de\/wp\/?p=27870","title":{"rendered":"Info: Sch\u00fclerbef\u00f6rderung w\u00e4hrend des Winters"},"content":{"rendered":"<ol>\n<li>Sollte bereits am Vortag mit einer erheblichen Beeintr\u00e4chtigung des Stra\u00dfenverkehrs zu rechnen sein, kann der Unterricht am nachfolgenden Tag\u00a0<b>im ganzen Land Hessen<\/b>\u00a0abgesetzt werden. Eine Entscheidung hier\u00fcber trifft das Kultusministerium. Die Benachrichtigung erfolgt durch die Medien.<\/li>\n<li>Sollte bereits am Vortag mit einer Beeintr\u00e4chtigung\u00a0<b>innerhalb unseres Schulbereiches<\/b>\u00a0zu rechnen sein, wird die Entscheidung \u00fcber einen Unterrichtsausfall durch die Schulleitungen getroffen. \u00dcber die Kontaktpersonen erhalten die Fahrsch\u00fcler die entsprechende Information.<br \/>\nZudem werden Telefonketten der einzelnen Klassen gestartet.<\/li>\n<li>\u00a0Stellt sich\u00a0<b>erst morgens<\/b>\u00a0vor der planm\u00e4\u00dfigen Abfahrt der Busse heraus, dass der Sch\u00fclertransport nicht durchgef\u00fchrt werden kann, erhalten die Kontaktpersonen ebenfalls Nachricht. Die Kontaktpersonen informieren die wartenden Sch\u00fcler an der Bushaltestelle. Auch hier sind wir bem\u00fcht, alle Familien mittels Telefonkette rechtzeitig zu informieren.<\/li>\n<li>Sollte die St\u00f6rung des Stra\u00dfenverkehrs nur auf\u00a0<b>einzelne Streckenabschnitte<\/b>begrenzt sein, entscheidet der Fahrer des betreffenden Busses in eigener Verantwortung \u00fcber einen Ausfall des Transportes. Er informiert sofort die Schulleitung, die ihrerseits die Information an die Kontaktperson weitergibt.<\/li>\n<li>Ist am Vormittag,\u00a0<b>w\u00e4hrend des planm\u00e4\u00dfigen Unterrichts<\/b>, mit einer Verschlechterung des Stra\u00dfenzustandes und einer erheblichen Verkehrsst\u00f6rung zu rechnen, endet der Unterricht vorzeitig.<\/li>\n<li>Haben Sch\u00fcler oder Eltern Bedenken bez\u00fcglich der Sch\u00fclerbef\u00f6rderung, wenden sie sich\u00a0<b>\u00fcber<\/b>\u00a0<b>die Kontaktperson<\/b>\u00a0an die Schulleitung. Einzelanrufe w\u00fcrden das Leitungsnetz mit dem betreffenden Telefonanschluss blockieren.<\/li>\n<li>F\u00e4llt der Unterricht aus, findet auch keine Sch\u00fclerbetreuung statt.<br \/>\nMuss der Unterricht vorzeitig beendet werden, k\u00f6nnen die Kinder die Betreuung besuchen. Allerdings m\u00fcssen die Eltern den Heimweg\/ Abholung selbstst\u00e4ndig organisieren und garantieren.<\/li>\n<\/ol>\n<h6>Kontaktpersonen f\u00fcr den Winterdienst 2013 \/ 2014<\/h6>\n<p><b>Appenrod<\/b>\u00a0\u00a0\u00a0\u00a0\u00a0\u00a0\u00a0\u00a0\u00a0\u00a0\u00a0\u00a0\u00a0\u00a0\u00a0\u00a0 Gerd Sternkicker, Am Waldborn 4<\/p>\n<p><b>Bleidenrod<\/b>\u00a0\u00a0 \u00a0\u00a0\u00a0\u00a0\u00a0\u00a0\u00a0\u00a0\u00a0\u00a0\u00a0 Andrea Lein, Kirchstra\u00dfe 17<\/p>\n<p><b>B\u00fc\u00dffeld<\/b>\u00a0\u00a0\u00a0\u00a0\u00a0\u00a0\u00a0\u00a0\u00a0\u00a0\u00a0\u00a0\u00a0\u00a0\u00a0\u00a0\u00a0\u00a0\u00a0\u00a0 Elke Becker, Bleidenr\u00f6der Stra\u00dfe 6<\/p>\n<p><b>Dannenrod<\/b>\u00a0\u00a0\u00a0\u00a0\u00a0\u00a0\u00a0\u00a0\u00a0\u00a0\u00a0\u00a0\u00a0\u00a0 Birgit R\u00f6der, Buchhainer Stra\u00dfe 24a<\/p>\n<p><b>Deckenbach<\/b>\u00a0\u00a0\u00a0\u00a0\u00a0\u00a0\u00a0\u00a0\u00a0\u00a0\u00a0\u00a0 Elke D\u00f6rr, R\u00fcddingsh\u00e4user Stra\u00dfe 8<\/p>\n<p><b>Erbenhausen<\/b>\u00a0\u00a0\u00a0\u00a0\u00a0\u00a0\u00a0\u00a0\u00a0\u00a0 Stephanie Graf, Kirchbergstra\u00dfe 2<\/p>\n<p><b>Gontershausen<\/b>\u00a0\u00a0\u00a0\u00a0\u00a0\u00a0\u00a0\u00a0\u00a0\u00a0\u00a0 Helga Metz, Zum Edelhof 2<\/p>\n<p><b>Haarhausen<\/b>\u00a0\u00a0\u00a0\u00a0\u00a0\u00a0\u00a0\u00a0\u00a0\u00a0\u00a0\u00a0 Corina Koch, Bachstra\u00dfe 22<\/p>\n<p><b>Maulbach<\/b>\u00a0\u00a0\u00a0\u00a0\u00a0\u00a0\u00a0\u00a0\u00a0\u00a0\u00a0\u00a0\u00a0\u00a0\u00a0\u00a0 Lieselotte Friedrich, Hintergasse 9<\/p>\n<p><b>Nieder-Ofleiden<\/b>\u00a0\u00a0\u00a0\u00a0\u00a0 Elfriede Gans, Hochrainstra\u00dfe 9<\/p>\n<p><b>Ober-Ofleiden<\/b>\u00a0\u00a0\u00a0\u00a0\u00a0\u00a0\u00a0\u00a0 Doris Schuchmann, Ohmstra\u00dfe 3<\/p>\n<p><b>Schadenbach<\/b>\u00a0\u00a0\u00a0\u00a0\u00a0\u00a0\u00a0\u00a0\u00a0\u00a0 Birgit Seibert, Sch\u00e4ferstra\u00dfe 13<\/p>\n<p><b>Bernsfeld\u00a0\u00a0\u00a0\u00a0\u00a0\u00a0\u00a0\u00a0\u00a0\u00a0\u00a0\u00a0\u00a0\u00a0\u00a0\u00a0\u00a0\u00a0<\/b>Familie<b>\u00a0<\/b>F\u00f6rderer, Talstra\u00dfe 19 \u00a0 \u00a0 \u00a0 \u00a0 \u00a0 \u00a0 \u00a0 \u00a0\u00a0<b><\/b><\/p>\n<p><b>Nieder-Gem\u00fcnden\u00a0\u00a0<\/b>Familie Sch\u00e4fer, Zur Schlagm\u00fchle 16<\/p>\n<p><b>Hainbach<\/b>\u00a0\u00a0\u00a0\u00a0\u00a0\u00a0\u00a0\u00a0\u00a0\u00a0\u00a0\u00a0\u00a0\u00a0\u00a0\u00a0\u00a0 Familie G\u00fcldner, Ober-Ohmener Str.10<\/p>\n<p><b>Merlau<\/b>\u00a0\u00a0\u00a0\u00a0\u00a0\u00a0\u00a0\u00a0\u00a0\u00a0\u00a0\u00a0\u00a0\u00a0\u00a0\u00a0\u00a0\u00a0\u00a0\u00a0\u00a0 Familie Meisinger, Burgstra\u00dfe 21a<\/p>\n<p><b>Romrod<\/b>\u00a0\u00a0\u00a0\u00a0\u00a0\u00a0\u00a0\u00a0\u00a0\u00a0\u00a0\u00a0\u00a0\u00a0\u00a0\u00a0\u00a0\u00a0\u00a0 Fam. Schneider, L\u00f6nsstra\u00dfe 9<\/p>\n<p><b>Niederklein \u00a0\u00a0\u00a0\u00a0\u00a0\u00a0\u00a0\u00a0\u00a0\u00a0\u00a0\u00a0<\/b>Frau Moro\u00dfow, Die Pfingstg\u00e4rten 4<\/p>\n","protected":false},"excerpt":{"rendered":"<p>Sollte bereits am Vortag mit einer erheblichen Beeintr\u00e4chtigung des Stra\u00dfenverkehrs zu rechnen sein, kann der Unterricht am nachfolgenden Tag\u00a0im ganzen Land Hessen\u00a0abgesetzt werden. Eine Entscheidung hier\u00fcber trifft das Kultusministerium. Die Benachrichtigung erfolgt durch die Medien. Sollte bereits am Vortag mit einer Beeintr\u00e4chtigung\u00a0innerhalb unseres Schulbereiches\u00a0zu rechnen sein, wird die Entscheidung \u00fcber einen Unterrichtsausfall durch die Schulleitungen &hellip; <a href=\"https:\/\/grundschule-homberg.de\/wp\/?p=27870\" class=\"more-link\"><span class=\"screen-reader-text\">Info: Sch\u00fclerbef\u00f6rderung w\u00e4hrend des Winters<\/span> weiterlesen <span class=\"meta-nav\">&rarr;<\/span><\/a><\/p>\n","protected":false},"author":1,"featured_media":4576,"comment_status":"closed","ping_status":"closed","sticky":false,"template":"","format":"standard","meta":{"ngg_post_thumbnail":0,"_jetpack_memberships_contains_paid_content":false,"footnotes":""},"categories":[1,14],"tags":[],"class_list":["post-27870","post","type-post","status-publish","format-standard","has-post-thumbnail","hentry","category-allgemein","category-elternbeirat"],"jetpack_featured_media_url":"https:\/\/i0.wp.com\/grundschule-homberg.de\/wp\/wp-content\/uploads\/gruschu-h1-e1498232700138.png?fit=185%2C163&ssl=1","jetpack_shortlink":"https:\/\/wp.me\/p3XuEZ-7fw","jetpack-related-posts":[],"jetpack_sharing_enabled":true,"_links":{"self":[{"href":"https:\/\/grundschule-homberg.de\/wp\/index.php?rest_route=\/wp\/v2\/posts\/27870","targetHints":{"allow":["GET"]}}],"collection":[{"href":"https:\/\/grundschule-homberg.de\/wp\/index.php?rest_route=\/wp\/v2\/posts"}],"about":[{"href":"https:\/\/grundschule-homberg.de\/wp\/index.php?rest_route=\/wp\/v2\/types\/post"}],"author":[{"embeddable":true,"href":"https:\/\/grundschule-homberg.de\/wp\/index.php?rest_route=\/wp\/v2\/users\/1"}],"replies":[{"embeddable":true,"href":"https:\/\/grundschule-homberg.de\/wp\/index.php?rest_route=%2Fwp%2Fv2%2Fcomments&post=27870"}],"version-history":[{"count":1,"href":"https:\/\/grundschule-homberg.de\/wp\/index.php?rest_route=\/wp\/v2\/posts\/27870\/revisions"}],"predecessor-version":[{"id":27871,"href":"https:\/\/grundschule-homberg.de\/wp\/index.php?rest_route=\/wp\/v2\/posts\/27870\/revisions\/27871"}],"wp:featuredmedia":[{"embeddable":true,"href":"https:\/\/grundschule-homberg.de\/wp\/index.php?rest_route=\/wp\/v2\/media\/4576"}],"wp:attachment":[{"href":"https:\/\/grundschule-homberg.de\/wp\/index.php?rest_route=%2Fwp%2Fv2%2Fmedia&parent=27870"}],"wp:term":[{"taxonomy":"category","embeddable":true,"href":"https:\/\/grundschule-homberg.de\/wp\/index.php?rest_route=%2Fwp%2Fv2%2Fcategories&post=27870"},{"taxonomy":"post_tag","embeddable":true,"href":"https:\/\/grundschule-homberg.de\/wp\/index.php?rest_route=%2Fwp%2Fv2%2Ftags&post=27870"}],"curies":[{"name":"wp","href":"https:\/\/api.w.org\/{rel}","templated":true}]}}