{"id":54652,"date":"2013-12-13T06:00:04","date_gmt":"2013-12-13T05:00:04","guid":{"rendered":"http:\/\/grundschule-homberg.de\/wp\/?p=54652"},"modified":"2013-12-06T18:28:18","modified_gmt":"2013-12-06T17:28:18","slug":"gluehweinfest-am-23-12-2013-ab-16-30-uhr-auf-dem-vorplatz-des-homberger-rathauses","status":"publish","type":"post","link":"https:\/\/grundschule-homberg.de\/wp\/?p=54652","title":{"rendered":"Gl\u00fchweinfest am 23.12.2013, ab 16.30 Uhr auf dem Vorplatz des Homberger Rathauses"},"content":{"rendered":"<p>Liebe Eltern der Grundschulkinder Homberg, gro\u00dfe Dinge werfen gro\u00dfe Schatten voraus\u2026<\/p>\n<p>Das <b>Zirkus-Projekt 2014<\/b>, an dem alle unsere Grundschulkinder teilnehmen d\u00fcrfen,\u00a0 wird im M\u00e4rz des kommenden Jahres stattfinden.<\/p>\n<p>Aus diesem Grund m\u00f6chten wir euch alle ganz herzlich zum<\/p>\n<p><b><span style=\"text-decoration: underline;\">Gl\u00fchweinfest am 23.12.2013, ab 16.30 Uhr<\/span><\/b><span style=\"text-decoration: underline;\"> auf dem <b>Vorplatz des<\/b><\/span><b> <span style=\"text-decoration: underline;\">Homberger<\/span><\/b><span style=\"text-decoration: underline;\"> <b>Rathauses<\/b><\/span> \u00a0einladen.<\/p>\n<p>Um unsere Finanzierung des Zirkusprojektes\u00a0 voran zutreiben,\u00a0 richten wir als F\u00f6rderverein in Zusammenarbeit mit dem Gewerbeverein das diesj\u00e4hrige Fest aus. Der Erl\u00f6s der Veranstaltung kommt zu 100 % unseren Kindern zugute.<\/p>\n<p>Hierbei sind wir auch ein St\u00fcck weit auf eure freundliche Hilfe angewiesen.<\/p>\n<p>Wir ben\u00f6tigen etwa 16 Helfer\/-innen, die im Zwei-Stundentakt Gl\u00fchwein, Hessen- und Kinderpunsch verkaufen. Auch starke M\u00e4nnerh\u00e4nde w\u00e4ren im Vorfeld zwecks H\u00fcttenaufbau mehr als hilfreich.<\/p>\n<p>Bitte meldet euch per Telefon (06633\/6294)<\/p>\n<p>oder per E-Mail (<a href=\"mailto:m.h.schmied@t-online.de\">m.h.schmied@t-online.de<\/a>).<\/p>\n<p>F\u00fcr das leibliche Wohl sorgt die W\u00fcrstchenbude der Firma Helm.<\/p>\n<p>Um die ganze Sache etwas spannender zugestalten, erwartet euch vor Ort ein tierischer Freund, der den Kindern die Zeit vertreibt, w\u00e4hrend die Eltern ein bisschen schnacken.\u00a0 Lasst euch \u00fcberraschen!<\/p>\n<p>Bittet all eure Klassenkameraden zu kommen, denn einen Wettbewerb gilt es auch zu gewinnen:<\/p>\n<p>1. Platz\u00a0 50 Euro f\u00fcr die Klassenkasse<\/p>\n<p>2. Platz\u00a0 30 Euro f\u00fcr die Klassenkasse<\/p>\n<p>3. Platz\u00a0\u00a0 20 Euro\u00a0 f\u00fcr die Klassenkasse<b><\/b><\/p>\n<p>Die Klasse mit der gr\u00f6\u00dften anwesenden Sch\u00fcler\/-innen-Zahl gewinnt!<\/p>\n<p>Tipp an die kleineren Klassen: Wenn ihr <b><span style=\"text-decoration: underline;\">all<\/span><\/b> eure Klassenkameraden motivieren k\u00f6nnt, habt ihr sicher auch gute Gewinn-Chancen\u2026<\/p>\n<p>Wir w\u00fcrden uns sehr freuen, euch bei trockenem Winterwetter begr\u00fc\u00dfen zu k\u00f6nnen und w\u00fcnschen eine besinnliche Adventszeit.<\/p>\n<p><span style=\"line-height: 1.5;\">Melanie Weiss-B\u00f6cher &amp; Heike Schmied\u00a0\u00a0\u00a0\u00a0\u00a0\u00a0\u00a0\u00a0\u00a0\u00a0\u00a0\u00a0\u00a0\u00a0\u00a0\u00a0\u00a0 Eva Sartorius, Rektorin<\/span><\/p>\n<p>F\u00f6rderverein<\/p>\n<p>der Grundschule Homberg<\/p>\n<p style=\"text-align: center;\"><img data-recalc-dims=\"1\" loading=\"lazy\" decoding=\"async\" class=\"aligncenter size-medium wp-image-54654\" alt=\"bayern_und_schwarzwald_82_20130107_1502836370 (Medium)\" src=\"https:\/\/i0.wp.com\/grundschule-homberg.de\/wp\/wp-content\/uploads\/2013\/12\/bayern_und_schwarzwald_82_20130107_1502836370-Medium-300x225.jpg?resize=300%2C225\" width=\"300\" height=\"225\" srcset=\"https:\/\/i0.wp.com\/grundschule-homberg.de\/wp\/wp-content\/uploads\/2013\/12\/bayern_und_schwarzwald_82_20130107_1502836370-Medium.jpg?resize=300%2C225&amp;ssl=1 300w, https:\/\/i0.wp.com\/grundschule-homberg.de\/wp\/wp-content\/uploads\/2013\/12\/bayern_und_schwarzwald_82_20130107_1502836370-Medium.jpg?resize=150%2C112&amp;ssl=1 150w, https:\/\/i0.wp.com\/grundschule-homberg.de\/wp\/wp-content\/uploads\/2013\/12\/bayern_und_schwarzwald_82_20130107_1502836370-Medium.jpg?w=1024&amp;ssl=1 1024w\" sizes=\"auto, (max-width: 300px) 100vw, 300px\" \/><\/p>\n","protected":false},"excerpt":{"rendered":"<p>Liebe Eltern der Grundschulkinder Homberg, gro\u00dfe Dinge werfen gro\u00dfe Schatten voraus\u2026 Das Zirkus-Projekt 2014, an dem alle unsere Grundschulkinder teilnehmen d\u00fcrfen,\u00a0 wird im M\u00e4rz des kommenden Jahres stattfinden. Aus diesem Grund m\u00f6chten wir euch alle ganz herzlich zum Gl\u00fchweinfest am 23.12.2013, ab 16.30 Uhr auf dem Vorplatz des Homberger Rathauses \u00a0einladen. Um unsere Finanzierung des &hellip; <a href=\"https:\/\/grundschule-homberg.de\/wp\/?p=54652\" class=\"more-link\"><span class=\"screen-reader-text\">Gl\u00fchweinfest am 23.12.2013, ab 16.30 Uhr auf dem Vorplatz des Homberger Rathauses<\/span> weiterlesen <span class=\"meta-nav\">&rarr;<\/span><\/a><\/p>\n","protected":false},"author":1,"featured_media":54654,"comment_status":"closed","ping_status":"closed","sticky":false,"template":"","format":"standard","meta":{"ngg_post_thumbnail":0,"_jetpack_memberships_contains_paid_content":false,"footnotes":""},"categories":[1],"tags":[],"class_list":["post-54652","post","type-post","status-publish","format-standard","has-post-thumbnail","hentry","category-allgemein"],"jetpack_featured_media_url":"https:\/\/i0.wp.com\/grundschule-homberg.de\/wp\/wp-content\/uploads\/2013\/12\/bayern_und_schwarzwald_82_20130107_1502836370-Medium.jpg?fit=1024%2C768&ssl=1","jetpack_shortlink":"https:\/\/wp.me\/p3XuEZ-edu","jetpack-related-posts":[],"jetpack_sharing_enabled":true,"_links":{"self":[{"href":"https:\/\/grundschule-homberg.de\/wp\/index.php?rest_route=\/wp\/v2\/posts\/54652","targetHints":{"allow":["GET"]}}],"collection":[{"href":"https:\/\/grundschule-homberg.de\/wp\/index.php?rest_route=\/wp\/v2\/posts"}],"about":[{"href":"https:\/\/grundschule-homberg.de\/wp\/index.php?rest_route=\/wp\/v2\/types\/post"}],"author":[{"embeddable":true,"href":"https:\/\/grundschule-homberg.de\/wp\/index.php?rest_route=\/wp\/v2\/users\/1"}],"replies":[{"embeddable":true,"href":"https:\/\/grundschule-homberg.de\/wp\/index.php?rest_route=%2Fwp%2Fv2%2Fcomments&post=54652"}],"version-history":[{"count":1,"href":"https:\/\/grundschule-homberg.de\/wp\/index.php?rest_route=\/wp\/v2\/posts\/54652\/revisions"}],"predecessor-version":[{"id":54655,"href":"https:\/\/grundschule-homberg.de\/wp\/index.php?rest_route=\/wp\/v2\/posts\/54652\/revisions\/54655"}],"wp:featuredmedia":[{"embeddable":true,"href":"https:\/\/grundschule-homberg.de\/wp\/index.php?rest_route=\/wp\/v2\/media\/54654"}],"wp:attachment":[{"href":"https:\/\/grundschule-homberg.de\/wp\/index.php?rest_route=%2Fwp%2Fv2%2Fmedia&parent=54652"}],"wp:term":[{"taxonomy":"category","embeddable":true,"href":"https:\/\/grundschule-homberg.de\/wp\/index.php?rest_route=%2Fwp%2Fv2%2Fcategories&post=54652"},{"taxonomy":"post_tag","embeddable":true,"href":"https:\/\/grundschule-homberg.de\/wp\/index.php?rest_route=%2Fwp%2Fv2%2Ftags&post=54652"}],"curies":[{"name":"wp","href":"https:\/\/api.w.org\/{rel}","templated":true}]}}